{"id":38174,"date":"2025-05-02T16:48:23","date_gmt":"2025-05-02T21:48:23","guid":{"rendered":"https:\/\/amberadvocate.org\/back-issues\/afrontar-la-crisis-de-pmim-mmim-a-traves-del-apoyo\/"},"modified":"2026-04-23T15:34:06","modified_gmt":"2026-04-23T20:34:06","slug":"afrontar-la-crisis-de-pmim-mmim-a-traves-del-apoyo","status":"publish","type":"articles","link":"https:\/\/amberadvocate.org\/es\/?articles=afrontar-la-crisis-de-pmim-mmim-a-traves-del-apoyo","title":{"rendered":"Afrontar la crisis de PMIM\/MMIM a trav\u00e9s del apoyo"},"content":{"rendered":"<div id=\"pl-38174\"  class=\"panel-layout\" ><div id=\"pg-38174-0\"  class=\"panel-grid panel-no-style\" ><div id=\"pgc-38174-0-0\"  class=\"panel-grid-cell\" ><div id=\"panel-38174-0-0-0\" class=\"so-panel widget widget_sow-editor panel-first-child panel-last-child\" data-index=\"0\" ><div\n\t\t\t\n\t\t\tclass=\"so-widget-sow-editor so-widget-sow-editor-base\"\n\t\t\t\n\t\t>\n<div class=\"siteorigin-widget-tinymce textwidget\">\n\t<p style=\"font-weight: 400;\"><em><img decoding=\"async\" class=\"aligncenter wp-image-35246 \" src=\"https:\/\/amberadvocate.org\/wp-content\/uploads\/2025\/05\/May-5-MMIP-MMIWG-alt-e1746222690314.png\" alt=\"\" width=\"641\" height=\"375\" srcset=\"https:\/\/amberadvocate.org\/wp-content\/uploads\/2025\/05\/May-5-MMIP-MMIWG-alt-e1746222690314.png 940w, https:\/\/amberadvocate.org\/wp-content\/uploads\/2025\/05\/May-5-MMIP-MMIWG-alt-e1746222690314-300x176.png 300w, https:\/\/amberadvocate.org\/wp-content\/uploads\/2025\/05\/May-5-MMIP-MMIWG-alt-e1746222690314-768x449.png 768w\" sizes=\"(max-width: 641px) 100vw, 641px\" \/><br \/>Por Denise Gee Peacock<\/em><\/p>\n<p style=\"font-weight: 400;\">El 5 de mayo est\u00e1 designado como el D\u00eda Nacional de Concienciaci\u00f3n sobre Personas Ind\u00edgenas Desaparecidas y Asesinadas (PMIM)\/Mujeres y Ni\u00f1as Ind\u00edgenas Desaparecidas y Asesinadas (MMIM). El d\u00eda sirve como un llamamiento nacional a la acci\u00f3n para poner fin a la violencia contra las comunidades ind\u00edgenas y para apoyar a las familias y comunidades afectadas por la <a href=\"https:\/\/www.bia.gov\/service\/mmu\/missing-and-murdered-indigenous-people-crisis\" target=\"_blank\" rel=\"noopener\">crisis<\/a> de PMIM\/MMIM. <\/p>\n<p style=\"font-weight: 400;\">Financiada por el Departamento de Justicia de los Estados Unidos en apoyo de la <a href=\"https:\/\/amberalert.ojp.gov\/amber-alert-indian-country\" target=\"_blank\" rel=\"noopener\">Ley Ashlynne Mike AMBER Alert en territorio ind\u00edgena<\/a>, la iniciativa AMBER Alert en territorio ind\u00edgena (AIIC) del Programa de Capacitaci\u00f3n y Asistencia T\u00e9cnica de AMBER Alert se compromete a ayudar a las aldeas de nativos americanos y nativos de Alaska (comunidades AI\/AN) a combatir la crisis <a href=\"https:\/\/ncjtc.fvtc.edu\/programs\/PR00098443\/AMBER%20Alert%20in%20Indian%20Country.%20\" target=\"_blank\" rel=\"noopener\">proporcionando<\/a> capacitaci\u00f3n gratuita, asistencia tecnol\u00f3gica y numerosos recursos.<\/p>\n<\/div>\n<\/div><\/div><\/div><\/div><div id=\"pg-38174-1\"  class=\"panel-grid panel-no-style\" ><div id=\"pgc-38174-1-0\"  class=\"panel-grid-cell\" ><div id=\"panel-38174-1-0-0\" class=\"so-panel widget widget_sow-editor panel-first-child\" data-index=\"1\" ><div\n\t\t\t\n\t\t\tclass=\"so-widget-sow-editor so-widget-sow-editor-base\"\n\t\t\t\n\t\t>\n<div class=\"siteorigin-widget-tinymce textwidget\">\n\t<figure id=\"attachment_35137\" aria-describedby=\"caption-attachment-35137\" style=\"width: 188px\" class=\"wp-caption alignleft\"><img decoding=\"async\" class=\"wp-image-35136\" src=\"https:\/\/amberadvocate.org\/wp-content\/uploads\/2025\/05\/Tyesha-Wood-e1745595484469-2-272x300.jpg\" alt=\"\" width=\"188\" height=\"207\" srcset=\"https:\/\/amberadvocate.org\/wp-content\/uploads\/2025\/05\/Tyesha-Wood-e1745595484469-2-272x300.jpg 272w, https:\/\/amberadvocate.org\/wp-content\/uploads\/2025\/05\/Tyesha-Wood-e1745595484469-2-929x1024.jpg 929w, https:\/\/amberadvocate.org\/wp-content\/uploads\/2025\/05\/Tyesha-Wood-e1745595484469-2-768x846.jpg 768w, https:\/\/amberadvocate.org\/wp-content\/uploads\/2025\/05\/Tyesha-Wood-e1745595484469-2-1394x1536.jpg 1394w, https:\/\/amberadvocate.org\/wp-content\/uploads\/2025\/05\/Tyesha-Wood-e1745595484469-2.jpg 1853w\" sizes=\"(max-width: 188px) 100vw, 188px\" \/><figcaption id=\"caption-attachment-35137\" class=\"wp-caption-text\"><em>Tyesha Wood, gerente del programa AIIC<\/em><\/figcaption><\/figure>\n<p style=\"font-weight: 400;\">Tyesha Wood, gerente del programa AMBER Alert en territorio ind\u00edgena, y los coordinadores de proyecto Dave Chewiwie, Amy Hood-Schwindt y Alica Murphy Wildcatt est\u00e1n continuamente viajando para reunirse con tribus reconocidas federalmente en todo el pa\u00eds.<\/p>\n<p style=\"font-weight: 400;\">Su herencia ind\u00edgena y su experiencia en las fuerzas del orden les ayudan a conectar a m\u00faltiples niveles con las fuerzas del orden y los l\u00edderes comunitarios de AI\/AN durante las reuniones de implementaci\u00f3n de AMBER Alert y los ejercicios te\u00f3ricos de secuestro de ni\u00f1os (CATE). Tambi\u00e9n ayudan con la capacitaci\u00f3n especializada y\/o personalizada, el alcance a los socios y mucho m\u00e1s. <\/p>\n<p style=\"font-weight: 400;\">\u201cSi bien nuestro equipo apoya con orgullo el D\u00eda de Concienciaci\u00f3n sobre PMIM\/MMIM, nuestro compromiso se extiende m\u00e1s all\u00e1 del 5 de mayo\u201d, dice la gerente del programa Wood, miembro de la Naci\u00f3n Navajo. \u201cTodos los d\u00edas estamos con las familias de personas ind\u00edgenas desaparecidas y asesinadas que todav\u00eda est\u00e1n buscando respuestas. Animamos a todo el mundo a escuchar y ayudar a las personas con casos que no se denuncian o que no se investigan lo suficiente. Cada voz importa, y cada historia merece ser escuchada\u201d. <\/p>\n<figure id=\"attachment_34824\" aria-describedby=\"caption-attachment-34824\" style=\"width: 161px\" class=\"wp-caption alignright\"><img decoding=\"async\" class=\"wp-image-34823\" src=\"https:\/\/amberadvocate.org\/wp-content\/uploads\/2025\/04\/wildcatt_alica-233x300.jpg\" alt=\"\" width=\"161\" height=\"207\" srcset=\"https:\/\/amberadvocate.org\/wp-content\/uploads\/2025\/04\/wildcatt_alica-233x300.jpg 233w, https:\/\/amberadvocate.org\/wp-content\/uploads\/2025\/04\/wildcatt_alica.jpg 496w\" sizes=\"(max-width: 161px) 100vw, 161px\" \/><figcaption id=\"caption-attachment-34824\" class=\"wp-caption-text\"><em>Alica Murphy Wildcatt, coordinadora de proyectos de AIIC<\/em><\/figcaption><\/figure>\n<p style=\"font-weight: 400;\">Detr\u00e1s de cada familiar ind\u00edgena desaparecido o asesinado \u201chay una familia esperando, una comunidad afligida y una vida llena de potencial que merece ser vista y protegida\u201d, dice Wildcatt, miembro de la Banda Oriental de Indios Cherokee.<\/p>\n<p>Al igual que sus colegas de AIIC, \u201cveo de primera mano c\u00f3mo nuestros sistemas tienen el potencial de quedarse cortos. Las respuestas tard\u00edas, las barreras jurisdiccionales y la falta de urgencia pueden poner en riesgo las vidas de los nativos. No podemos permitir que nuestros familiares se conviertan en estad\u00edsticas. El movimiento PMIM\/MMIM importa porque se trata de justicia, s\u00ed, pero tambi\u00e9n de amor, dignidad y el derecho a estar seguros en nuestra propia patria\u201d.<\/p>\n<figure id=\"attachment_35140\" aria-describedby=\"caption-attachment-35140\" style=\"width: 176px\" class=\"wp-caption alignleft\"><img decoding=\"async\" class=\"wp-image-35139\" src=\"https:\/\/amberadvocate.org\/wp-content\/uploads\/2025\/05\/dave-dp-300x300.jpg\" alt=\"\" width=\"176\" height=\"176\" srcset=\"https:\/\/amberadvocate.org\/wp-content\/uploads\/2025\/05\/dave-dp-300x300.jpg 300w, https:\/\/amberadvocate.org\/wp-content\/uploads\/2025\/05\/dave-dp-150x150.jpg 150w, https:\/\/amberadvocate.org\/wp-content\/uploads\/2025\/05\/dave-dp.jpg 648w\" sizes=\"(max-width: 176px) 100vw, 176px\" \/><figcaption id=\"caption-attachment-35140\" class=\"wp-caption-text\"><em>Dave Chewiwie, coordinador de proyectos de AIIC<\/em><\/figcaption><\/figure>\n<p style=\"font-weight: 400;\">Los ni\u00f1os son preciosos en las comunidades nativas, pero tambi\u00e9n son vulnerables a \u201caquellos que pueden estar buscando secuestrarlos, explotarlos\u201d, dice el coordinador de proyectos Dave Chewiwie, miembro del Pueblo de Isleta. \u201cTenemos que tener programas y planes eficaces para recuperarlos de forma segura si desaparecen. Todos somos partes interesadas en la seguridad de nuestros ni\u00f1os en territorio ind\u00edgena\u201d. <\/p>\n<p style=\"font-weight: 400;\">La coordinadora de proyectos Hood-Schwindt, miembro de Yavapai-Apache, cree que \u201cuna continua falta de investigaciones exhaustivas de los casos de PMIM, combinada con la impunidad de los autores, ha alimentado un c\u00edrculo vicioso que tenemos que romper. Tenemos que proporcionar investigaciones exhaustivas, enjuiciamientos significativos y garantizar que haya justicia para cada vida ind\u00edgena robada\u201d.<\/p>\n<figure id=\"attachment_34828\" aria-describedby=\"caption-attachment-34828\" style=\"width: 159px\" class=\"wp-caption alignright\"><img decoding=\"async\" class=\"wp-image-34827\" src=\"https:\/\/amberadvocate.org\/wp-content\/uploads\/2025\/04\/Amy_Hood-Schwindt-e1745606208344-264x300.jpg\" alt=\"\" width=\"159\" height=\"180\" srcset=\"https:\/\/amberadvocate.org\/wp-content\/uploads\/2025\/04\/Amy_Hood-Schwindt-e1745606208344-264x300.jpg 264w, https:\/\/amberadvocate.org\/wp-content\/uploads\/2025\/04\/Amy_Hood-Schwindt-e1745606208344.jpg 340w\" sizes=\"(max-width: 159px) 100vw, 159px\" \/><figcaption id=\"caption-attachment-34828\" class=\"wp-caption-text\"><em>Amy Hood-Schwindt, coordinadora de proyectos de AIIC<\/em><\/figcaption><\/figure>\n<p style=\"font-weight: 400;\">Si bien se han logrado avances significativos en los \u00faltimos cinco a\u00f1os, todav\u00eda queda mucho por hacer, dice Wood. \u201cDebemos trabajar en unidad, compartir recursos y coordinar esfuerzos, y tener la esperanza de que encontraremos, o encontraremos respuestas para, nuestros familiares ind\u00edgenas desaparecidos y asesinados\u201d. <\/p>\n<p style=\"font-weight: 400;\">Wildcatt cree que \u201ctrabajando juntos, podemos afrontar esta epidemia. Podemos invertir en soluciones impulsadas por la comunidad y construir sistemas que garanticen la seguridad, la rendici\u00f3n de cuentas y la justicia\u201d.<\/p>\n<\/div>\n<\/div><\/div><div id=\"panel-38174-1-0-1\" class=\"so-panel widget widget_aa-quote-widget panel-last-child\" data-index=\"2\" ><div\n\t\t\t\n\t\t\tclass=\"so-widget-aa-quote-widget so-widget-aa-quote-widget-default-d75171398898-38174\"\n\t\t\t\n\t\t>\n<div id=\"aa_quote_widget_69f101441a7f3\" class=\"aa-quote-widget-container aa-quote-widget-container-vertical\">\n    <div class=\"aa-quote-content\">\n        <img decoding=\"async\" class=\"icon\" src=\"https:\/\/amberadvocate.org\/wp-content\/plugins\/amber-advocate-2024-so-widgets\/amber-advocate-2024-so-widgets-bundle\/aa-quote-widget\/tpl\/..\/assets\/quote.png\" alt=\"Quote icon\" \/>        <div class=\"aa-quote-text\"><p><img decoding=\"async\" class=\"wp-image-19047 alignright\" src=\"https:\/\/amberadvocate.org\/wp-content\/uploads\/2023\/08\/cropped-rasmussen-j-300x300.jpg\" alt=\"\" width=\"161\" height=\"161\" srcset=\"https:\/\/amberadvocate.org\/wp-content\/uploads\/2023\/08\/cropped-rasmussen-j-300x300.jpg 300w, https:\/\/amberadvocate.org\/wp-content\/uploads\/2023\/08\/cropped-rasmussen-j-1022x1024.jpg 1022w, https:\/\/amberadvocate.org\/wp-content\/uploads\/2023\/08\/cropped-rasmussen-j-150x150.jpg 150w, https:\/\/amberadvocate.org\/wp-content\/uploads\/2023\/08\/cropped-rasmussen-j-768x770.jpg 768w, https:\/\/amberadvocate.org\/wp-content\/uploads\/2023\/08\/cropped-rasmussen-j.jpg 1328w\" sizes=\"(max-width: 161px) 100vw, 161px\" \/>The disproportionately high rate of violence experienced by Native American families is unacceptable. Through continued collaboration with American Indian and Alaska Native Tribes, we are dedicated to alleviating this crisis in a meaningful\u2014and lasting\u2014way.<\/p>\n<\/div>\n        <div class=\"aa-quote-author\">\n            JANELL RASMUSSEN            <span class=\"aa-quote-author-title\">Director, National Criminal Justice Training Center<br \/>\nAdministrator, AMBER Alert Training &amp; Technical Assistance Program\/AMBER Alert in Indian Country initiative\n<\/span>\n        <\/div>\n    <\/div>\n    <\/div><\/div><\/div><\/div><div id=\"pgc-38174-1-1\"  class=\"panel-grid-cell\" ><div id=\"panel-38174-1-1-0\" class=\"so-panel widget widget_sow-editor panel-first-child panel-last-child\" data-index=\"3\" ><div class=\"so-rounded panel-widget-style panel-widget-style-for-38174-1-1-0\" ><div\n\t\t\t\n\t\t\tclass=\"so-widget-sow-editor so-widget-sow-editor-base\"\n\t\t\t\n\t\t><h3 class=\"widget-title\">\u2018sin miedo\u2019<\/h3>\n<div class=\"siteorigin-widget-tinymce textwidget\">\n\t<h4 style=\"font-weight: 400;\"><em>Jen Murphy, asociada de AIIC, ayud\u00f3 a producir un cortometraje galardonado que enfoca la crisis de PMIM\/MMIM.<\/em><\/h4>\n<p><img decoding=\"async\" class=\"aligncenter wp-image-35242\" src=\"https:\/\/amberadvocate.org\/wp-content\/uploads\/2025\/05\/Jen-Murphy.png\" alt=\"\" width=\"621\" height=\"413\" srcset=\"https:\/\/amberadvocate.org\/wp-content\/uploads\/2025\/05\/Jen-Murphy.png 836w, https:\/\/amberadvocate.org\/wp-content\/uploads\/2025\/05\/Jen-Murphy-300x200.png 300w, https:\/\/amberadvocate.org\/wp-content\/uploads\/2025\/05\/Jen-Murphy-768x511.png 768w, https:\/\/amberadvocate.org\/wp-content\/uploads\/2025\/05\/Jen-Murphy-272x182.png 272w\" sizes=\"(max-width: 621px) 100vw, 621px\" \/><\/p>\n<p style=\"font-weight: 400;\"><a href=\"https:\/\/www.tveraaphotography.com\/about-me\/\" target=\"_blank\" rel=\"noopener\">Jen Murphy<\/a> es fot\u00f3grafa, artista, miembro de la tribu Chippewa Cree en Montana, asociada de AATTAP-AIIC y uno de los rostros m\u00e1s destacados del trabajo de concienciaci\u00f3n sobre PMIM\/MMIM. La fotograf\u00eda de arriba de ella con una huella de mano roja sobre su boca, que simboliza el silenciamiento de las voces, abarca <a href=\"https:\/\/www.tveraaphotography.com\/mmiw-project\/billboards\/\" target=\"_blank\" rel=\"noopener\">vallas publicitarias<\/a> en todas las Grandes Llanuras \u201cpara llamar la atenci\u00f3n sobre los problemas de los que hay que hablar\u201d, dice Murphy. <\/p>\n<p style=\"font-weight: 400;\">Un aspecto central de esos problemas es la tasa desproporcionada de violencia, secuestro y asesinato que sufren las mujeres y las personas en los Estados Unidos y Canad\u00e1.<\/p>\n<p style=\"font-weight: 400;\">Otra forma en la que Murphy pretende centrar la atenci\u00f3n de la gente en la crisis de las MMIP\/MMIW es a trav\u00e9s de un libro infantil que produjo en 2024. Obtenga m\u00e1s informaci\u00f3n y compre <em>More Like Her<\/em> <a href=\"https:\/\/www.tveraaphotography.com\/more-like-her-book\/\" target=\"_blank\" rel=\"noopener\">aqu\u00ed<\/a>. <\/p>\n<p>Murphy tambi\u00e9n trabaj\u00f3 como productora ejecutiva del cortometraje \u201cNot Afraid\u201d, presentado anteriormente en Omeleto.<\/p>\n<p><img decoding=\"async\" class=\"wp-image-35244 alignleft\" src=\"https:\/\/amberadvocate.org\/wp-content\/uploads\/2025\/05\/Not-Afraid-film-poster-682x1024.png\" alt=\"\" width=\"148\" height=\"222\" srcset=\"https:\/\/amberadvocate.org\/wp-content\/uploads\/2025\/05\/Not-Afraid-film-poster-682x1024.png 682w, https:\/\/amberadvocate.org\/wp-content\/uploads\/2025\/05\/Not-Afraid-film-poster-200x300.png 200w, https:\/\/amberadvocate.org\/wp-content\/uploads\/2025\/05\/Not-Afraid-film-poster-768x1152.png 768w, https:\/\/amberadvocate.org\/wp-content\/uploads\/2025\/05\/Not-Afraid-film-poster.png 993w\" sizes=\"(max-width: 148px) 100vw, 148px\" \/><\/p>\n<p style=\"font-weight: 400;\">Con poco menos de 10 minutos, la pel\u00edcula ofrece un retrato \u00edntimo y poderoso de una joven nativa americana que navega por el dolor de perder a un ser querido por la crisis de MMIM. Captura tanto el desamor personal como la profunda resistencia dentro de las comunidades ind\u00edgenas, y pretende ser un llamamiento conmovedor al recuerdo, la justicia y la curaci\u00f3n. <\/p>\n<p style=\"font-weight: 400;\">Protagonizada por JaShaun St. John (\u201cSongs My Brothers Taught Me\u201d), la pel\u00edcula ofrece una mirada poderosa e \u00edntima a una creciente injusticia que afecta a las familias ind\u00edgenas de toda Norteam\u00e9rica.<\/p>\n<p style=\"font-weight: 400;\">\u201cNot Afraid\u201d recibi\u00f3 el premio de Cine y Cultura Ind\u00edgena del Windrider Film Showcase que se celebra con el Festival de Cine de Sundance.<\/p>\n<p style=\"font-weight: 400;\">La directora de la pel\u00edcula, Michaela Bruce, dice de Murphy, y de su misi\u00f3n de contar historias: \u201cSiento en lo m\u00e1s profundo que tenemos la responsabilidad de apoyar a las mujeres vulnerables a trav\u00e9s de todos los medios disponibles para nosotros, incluidas las artes\u201d.<\/p>\n<p style=\"font-weight: 400;\">\u201cCuando tenemos la capacidad y los recursos para apoyar una obra importante\u201d, a\u00f1ade Murphy, \u201csiempre es lo correcto\u201d.<\/p>\n<p style=\"font-weight: 400; text-align: right;\"><img decoding=\"async\" class=\"wp-image-35254 size-large\" src=\"https:\/\/amberadvocate.org\/wp-content\/uploads\/2025\/05\/Not-Afraid-still-1024x576.jpg\" alt=\"\" width=\"1024\" height=\"576\" srcset=\"https:\/\/amberadvocate.org\/wp-content\/uploads\/2025\/05\/Not-Afraid-still-1024x576.jpg 1024w, https:\/\/amberadvocate.org\/wp-content\/uploads\/2025\/05\/Not-Afraid-still-300x169.jpg 300w, https:\/\/amberadvocate.org\/wp-content\/uploads\/2025\/05\/Not-Afraid-still-768x432.jpg 768w, https:\/\/amberadvocate.org\/wp-content\/uploads\/2025\/05\/Not-Afraid-still-1536x864.jpg 1536w, https:\/\/amberadvocate.org\/wp-content\/uploads\/2025\/05\/Not-Afraid-still.jpg 1920w\" sizes=\"(max-width: 1024px) 100vw, 1024px\" \/><img decoding=\"async\" class=\"wp-image-35256 alignright\" src=\"https:\/\/amberadvocate.org\/wp-content\/uploads\/2025\/05\/Red-handprint-285x300.png\" alt=\"\" width=\"139\" height=\"146\" srcset=\"https:\/\/amberadvocate.org\/wp-content\/uploads\/2025\/05\/Red-handprint-285x300.png 285w, https:\/\/amberadvocate.org\/wp-content\/uploads\/2025\/05\/Red-handprint.png 451w\" sizes=\"(max-width: 139px) 100vw, 139px\" \/><strong>\u201cLa mano roja sobre la boca representa a todas nuestras hermanas desaparecidas que no son escuchadas\u201d.<\/strong><br \/>JEN MURPHY<br \/>Asociada de AMBER Alert en territorio ind\u00edgena \/ artista y cineasta<\/p>\n<\/div>\n<\/div><\/div><\/div><\/div><\/div><div id=\"pg-38174-2\"  class=\"panel-grid panel-no-style\" ><div id=\"pgc-38174-2-0\"  class=\"panel-grid-cell\" ><div id=\"panel-38174-2-0-0\" class=\"so-panel widget widget_sow-headline panel-first-child\" data-index=\"4\" ><div\n\t\t\t\n\t\t\tclass=\"so-widget-sow-headline so-widget-sow-headline-default-b7995d98f861-38174\"\n\t\t\t\n\t\t><div class=\"sow-headline-container \">\n\t\t\t\t\t\t\t<h1 class=\"sow-headline\">\n\t\t\t\t\t\tObtenga los datos sobre PMIM \/ MMIM \t\t\t\t\t\t<\/h1>\n\t\t\t\t\t\t\t\t\t\t\t<div class=\"decoration\">\n\t\t\t\t\t\t<div class=\"decoration-inside\"><\/div>\n\t\t\t\t\t<\/div>\n\t\t\t\t\t<\/div>\n<\/div><\/div><div id=\"panel-38174-2-0-1\" class=\"so-panel widget widget_sow-editor panel-last-child\" data-index=\"5\" ><div\n\t\t\t\n\t\t\tclass=\"so-widget-sow-editor so-widget-sow-editor-base\"\n\t\t\t\n\t\t>\n<div class=\"siteorigin-widget-tinymce textwidget\">\n\t<p><strong>Los pueblos ind\u00edgenas, especialmente las mujeres y las ni\u00f1as, experimentan<\/strong> <a href=\"https:\/\/www.congress.gov\/crs-product\/R47010\" target=\"_blank\" rel=\"noopener\"><strong>tasas significativamente m\u00e1s altas<\/strong><\/a><strong> de violencia, asesinato y denuncia de desaparici\u00f3n en comparaci\u00f3n con otros grupos.<br \/><\/strong><\/p>\n<ul>\n<li style=\"font-weight: 400;\">Encuentre las \u00faltimas estad\u00edsticas del FBI <a href=\"https:\/\/www.fbi.gov\/investigate\/violent-crime\/indian-country-crime\/missing-or-murdered-indigenous-persons\" target=\"_blank\" rel=\"noopener\">aqu\u00ed<\/a> y vea la infograf\u00eda del Centro Nacional de Capacitaci\u00f3n en Justicia Penal (que se muestra abajo a la derecha; haga clic en la foto para ampliarla).<\/li>\n<li style=\"font-weight: 400;\">Obtenga m\u00e1s informaci\u00f3n sobre los esfuerzos nacionales de PMIM\/MMIM <a href=\"https:\/\/www.bia.gov\/service\/mmu\/missing-and-murdered-indigenous-people-crisis\" target=\"_blank\" rel=\"noopener\">aqu\u00ed<\/a> y <a href=\"https:\/\/www.justice.gov\/tribal\/mmip\" target=\"_blank\" rel=\"noopener\">aqu\u00ed<\/a>.<\/li>\n<li style=\"font-weight: 400;\">Acceda al recurso del DOJ <em>Cuando un ser querido desaparece: Recursos para familias de adultos nativos americanos y nativos de Alaska desaparecidos<\/em> (que se muestra abajo a la izquierda) <a href=\"https:\/\/www.justice.gov\/d9\/fieldable-panel-panes\/basic-panes\/attachments\/2023\/01\/17\/olj_when_a_loved_one_goes_missing_web.pdf\" target=\"_blank\" rel=\"noopener\">aqu\u00ed<\/a>.<\/li>\n<\/ul>\n<p style=\"padding-left: 160px;\"><img decoding=\"async\" class=\"size-medium wp-image-35249 alignnone\" src=\"https:\/\/amberadvocate.org\/wp-content\/uploads\/2025\/05\/Screenshot-2025-05-02-at-1.15.18%E2%80%AFPM-243x300.png\" alt=\"\" width=\"243\" height=\"300\">   <a href=\"https:\/\/amberadvocate.org\/wp-content\/uploads\/2025\/05\/MMIW-infographic-NCJTC-1.png\" target=\"_blank\" rel=\"noopener\"><img decoding=\"async\" class=\"wp-image-35260 alignnone\" src=\"https:\/\/amberadvocate.org\/wp-content\/uploads\/2025\/05\/MMIW-infographic-NCJTC-1-232x300.png\" alt=\"\" width=\"231\" height=\"299\" srcset=\"https:\/\/amberadvocate.org\/wp-content\/uploads\/2025\/05\/MMIW-infographic-NCJTC-1-232x300.png 232w, https:\/\/amberadvocate.org\/wp-content\/uploads\/2025\/05\/MMIW-infographic-NCJTC-1-791x1024.png 791w, https:\/\/amberadvocate.org\/wp-content\/uploads\/2025\/05\/MMIW-infographic-NCJTC-1-768x994.png 768w, https:\/\/amberadvocate.org\/wp-content\/uploads\/2025\/05\/MMIW-infographic-NCJTC-1-1187x1536.png 1187w, https:\/\/amberadvocate.org\/wp-content\/uploads\/2025\/05\/MMIW-infographic-NCJTC-1-1583x2048.png 1583w\" sizes=\"(max-width: 231px) 100vw, 231px\" \/><\/a><\/p>\n<p style=\"text-align: center;\">\n<\/div>\n<\/div><\/div><\/div><\/div><div id=\"pg-38174-3\"  class=\"panel-grid panel-no-style\" ><div id=\"pgc-38174-3-0\"  class=\"panel-grid-cell\" ><div id=\"panel-38174-3-0-0\" class=\"so-panel widget widget_sow-headline panel-first-child panel-last-child\" data-index=\"6\" ><div\n\t\t\t\n\t\t\tclass=\"so-widget-sow-headline so-widget-sow-headline-default-b7995d98f861-38174\"\n\t\t\t\n\t\t><div class=\"sow-headline-container \">\n\t\t\t\t\t\t\t<h1 class=\"sow-headline\">\n\t\t\t\t\t\tMovidos a actuar: El equipo de AIIC participa en los eventos de Ashlynne Mike, MMIM\t\t\t\t\t\t<\/h1>\n\t\t\t\t\t\t\t\t\t\t\t<div class=\"decoration\">\n\t\t\t\t\t\t<div class=\"decoration-inside\"><\/div>\n\t\t\t\t\t<\/div>\n\t\t\t\t\t<\/div>\n<\/div><\/div><\/div><\/div><div id=\"pg-38174-4\"  class=\"panel-grid panel-no-style\" ><div id=\"pgc-38174-4-0\"  class=\"panel-grid-cell\" ><div id=\"panel-38174-4-0-0\" class=\"so-panel widget widget_sow-editor panel-first-child panel-last-child\" data-index=\"7\" ><div\n\t\t\t\n\t\t\tclass=\"so-widget-sow-editor so-widget-sow-editor-base\"\n\t\t\t\n\t\t>\n<div class=\"siteorigin-widget-tinymce textwidget\">\n\t<div class=\"xdj266r x11i5rnm xat24cr x1mh8g0r x1vvkbs x126k92a\">\n<div dir=\"auto\"><div  id=\"jtg-35523\" class=\"modula modula-gallery modula-creative-gallery\" data-config=\"{&quot;height&quot;:800,&quot;tabletHeight&quot;:800,&quot;mobileHeight&quot;:800,&quot;desktopHeight&quot;:800,&quot;enableTwitter&quot;:false,&quot;enableWhatsapp&quot;:false,&quot;enableFacebook&quot;:false,&quot;enablePinterest&quot;:false,&quot;enableLinkedin&quot;:false,&quot;enableEmail&quot;:false,&quot;randomFactor&quot;:0.5,&quot;type&quot;:&quot;creative-gallery&quot;,&quot;columns&quot;:12,&quot;gutter&quot;:10,&quot;mobileGutter&quot;:10,&quot;tabletGutter&quot;:10,&quot;desktopGutter&quot;:10,&quot;enableResponsive&quot;:&quot;0&quot;,&quot;tabletColumns&quot;:2,&quot;mobileColumns&quot;:1,&quot;lazyLoad&quot;:0,&quot;lightboxOpts&quot;:{&quot;animated&quot;:true,&quot;Thumbs&quot;:{&quot;type&quot;:&quot;modern&quot;,&quot;showOnStart&quot;:false},&quot;Toolbar&quot;:{&quot;display&quot;:{&quot;right&quot;:[&quot;close&quot;]},&quot;enabled&quot;:true},&quot;Carousel&quot;:{&quot;Panzoom&quot;:{&quot;touch&quot;:true},&quot;infinite&quot;:false},&quot;keyboard&quot;:{&quot;Escape&quot;:&quot;close&quot;,&quot;Delete&quot;:&quot;close&quot;,&quot;Backspace&quot;:&quot;close&quot;,&quot;PageUp&quot;:false,&quot;PageDown&quot;:false,&quot;ArrowUp&quot;:false,&quot;ArrowDown&quot;:false,&quot;ArrowRight&quot;:false,&quot;ArrowLeft&quot;:false},&quot;touch&quot;:false,&quot;backdropClick&quot;:false,&quot;l10n&quot;:{&quot;CLOSE&quot;:&quot;Close&quot;,&quot;NEXT&quot;:&quot;Next&quot;,&quot;PREV&quot;:&quot;Previous&quot;,&quot;Error&quot;:&quot;The requested content cannot be loaded. Please try again later.&quot;,&quot;PLAY_START&quot;:&quot;Start slideshow&quot;,&quot;PLAY_STOP&quot;:&quot;Pause slideshow&quot;,&quot;FULL_SCREEN&quot;:&quot;Full screen&quot;,&quot;THUMBS&quot;:&quot;Thumbnails&quot;,&quot;DOWNLOAD&quot;:&quot;Download&quot;,&quot;SHARE&quot;:&quot;Share&quot;,&quot;ZOOM&quot;:&quot;Zoom&quot;,&quot;EMAIL&quot;:&quot;Here is the link to the image : %%image_link%% and this is the link to the gallery : %%gallery_link%%&quot;,&quot;MODAL&quot;:&quot;You can close this modal content with the ESC key&quot;,&quot;ERROR&quot;:&quot;Something Went Wrong, Please Try Again Later&quot;,&quot;IMAGE_ERROR&quot;:&quot;Image Not Found&quot;,&quot;ELEMENT_NOT_FOUND&quot;:&quot;HTML Element Not Found&quot;,&quot;AJAX_NOT_FOUND&quot;:&quot;Error Loading AJAX : Not Found&quot;,&quot;AJAX_FORBIDDEN&quot;:&quot;Error Loading AJAX : Forbidden&quot;,&quot;IFRAME_ERROR&quot;:&quot;Error Loading Page&quot;,&quot;TOGGLE_ZOOM&quot;:&quot;Toggle zoom level&quot;,&quot;TOGGLE_THUMBS&quot;:&quot;Toggle thumbnails&quot;,&quot;TOGGLE_SLIDESHOW&quot;:&quot;Toggle slideshow&quot;,&quot;TOGGLE_FULLSCREEN&quot;:&quot;Toggle full-screen mode&quot;},&quot;Images&quot;:{&quot;Panzoom&quot;:{&quot;maxScale&quot;:2}},&quot;mainClass&quot;:&quot;modula-fancybox-container modula-lightbox-jtg-35523&quot;,&quot;Html&quot;:{&quot;videoAutoplay&quot;:0,&quot;videoTpl&quot;:&quot;&lt;video class=\\&quot;fancybox__html5video\\&quot; controls muted playsinline controlsList controlsList=\\&quot;nodownload\\&quot; poster=\\&quot;{{poster}}\\&quot; src=\\&quot;{{src}}\\&quot; type=\\&quot;{{format}}\\&quot; &gt;  Sorry, your browser doesn&#039;t support embedded videos, &lt;a href=\\&quot;{{src}}\\&quot;&gt; download &lt;\\\/a&gt; and watch with your favorite video player! &lt;\\\/video&gt;&quot;}},&quot;inView&quot;:false,&quot;email_subject&quot;:&quot;Check out this awesome image !!&quot;,&quot;email_message&quot;:&quot;Here is the link to the image : %%image_link%% and this is the link to the gallery : %%gallery_link%%&quot;,&quot;lightbox&quot;:&quot;fancybox&quot;}\">\n\n\t\n\t<div  class=\"modula-items\">\n\t\t<div class=\"modula-item effect-pufrobo\" >\n\t<div class=\"modula-item-overlay\"><\/div>\n\n\t<div class=\"modula-item-content\">\n\n\t\t<a data-image-id=\"35521\" role=\"button\" tabindex=\"0\" rel=\"jtg-35523\" data-caption=\"\" aria-label=\"Open image in lightbox\" class=\"tile-inner modula-item-link\"><\/a><img decoding=\"async\" class=\"pic wp-image-35521\"  data-valign=\"middle\" data-halign=\"center\" alt=\"Alica Murphy Wildcatt, Pamela Foster (mother of Ashlynn Mike) and Pamela&#039;s sister, Darl Foster, at the 2025 Ashlynne Mike Memorial Run in Shiprock, NM\" data-full=\"https:\/\/amberadvocate.org\/wp-content\/uploads\/2025\/05\/Unknown.jpeg\" title=\"Unknown\" crop=\"\" width=\"179\" height=\"300\" src=\"https:\/\/amberadvocate.org\/wp-content\/uploads\/2025\/05\/Unknown-179x300.jpeg\" data-src=\"https:\/\/amberadvocate.org\/wp-content\/uploads\/2025\/05\/Unknown-179x300.jpeg\" data-caption=\"\" srcset=\"https:\/\/amberadvocate.org\/wp-content\/uploads\/2025\/05\/Unknown.jpeg 559w, https:\/\/amberadvocate.org\/wp-content\/uploads\/2025\/05\/Unknown-179x300.jpeg 179w\" sizes=\"(max-width: 179px) 100vw, 179px\" \/>\n\t\t<div class=\"figc no-description\">\n\t\t\t<div class=\"figc-inner\">\n\t\t\t\t\t\t\t\t\t\t\t\t\t\t\t<\/div>\n\t\t<\/div>\n\n\t<\/div>\n\n<\/div><div class=\"modula-item effect-pufrobo\" >\n\t<div class=\"modula-item-overlay\"><\/div>\n\n\t<div class=\"modula-item-content\">\n\n\t\t<a data-image-id=\"35519\" role=\"button\" tabindex=\"0\" rel=\"jtg-35523\" data-caption=\"\" aria-label=\"Open image in lightbox\" class=\"tile-inner modula-item-link\"><\/a><img decoding=\"async\" class=\"pic wp-image-35519\"  data-valign=\"middle\" data-halign=\"center\" alt=\"\" data-full=\"https:\/\/amberadvocate.org\/wp-content\/uploads\/2025\/05\/Unknown-4.png\" title=\"Unknown-4\" crop=\"\" width=\"225\" height=\"300\" src=\"https:\/\/amberadvocate.org\/wp-content\/uploads\/2025\/05\/Unknown-4-225x300.png\" data-src=\"https:\/\/amberadvocate.org\/wp-content\/uploads\/2025\/05\/Unknown-4-225x300.png\" data-caption=\"\" srcset=\"https:\/\/amberadvocate.org\/wp-content\/uploads\/2025\/05\/Unknown-4.png 480w, https:\/\/amberadvocate.org\/wp-content\/uploads\/2025\/05\/Unknown-4-225x300.png 225w\" sizes=\"(max-width: 225px) 100vw, 225px\" \/>\n\t\t<div class=\"figc no-description\">\n\t\t\t<div class=\"figc-inner\">\n\t\t\t\t\t\t\t\t\t\t\t\t\t\t\t<\/div>\n\t\t<\/div>\n\n\t<\/div>\n\n<\/div><div class=\"modula-item effect-pufrobo\" >\n\t<div class=\"modula-item-overlay\"><\/div>\n\n\t<div class=\"modula-item-content\">\n\n\t\t<a data-image-id=\"35517\" role=\"button\" tabindex=\"0\" rel=\"jtg-35523\" data-caption=\"\" aria-label=\"Open image in lightbox\" class=\"tile-inner modula-item-link\"><\/a><img decoding=\"async\" class=\"pic wp-image-35517\"  data-valign=\"middle\" data-halign=\"center\" alt=\"\" data-full=\"https:\/\/amberadvocate.org\/wp-content\/uploads\/2025\/05\/Unknown-5.png\" title=\"Unknown-5\" crop=\"\" width=\"300\" height=\"225\" src=\"https:\/\/amberadvocate.org\/wp-content\/uploads\/2025\/05\/Unknown-5-300x225.png\" data-src=\"https:\/\/amberadvocate.org\/wp-content\/uploads\/2025\/05\/Unknown-5-300x225.png\" data-caption=\"\" srcset=\"https:\/\/amberadvocate.org\/wp-content\/uploads\/2025\/05\/Unknown-5.png 640w, https:\/\/amberadvocate.org\/wp-content\/uploads\/2025\/05\/Unknown-5-300x225.png 300w\" sizes=\"(max-width: 300px) 100vw, 300px\" \/>\n\t\t<div class=\"figc no-description\">\n\t\t\t<div class=\"figc-inner\">\n\t\t\t\t\t\t\t\t\t\t\t\t\t\t\t<\/div>\n\t\t<\/div>\n\n\t<\/div>\n\n<\/div><div class=\"modula-item effect-pufrobo\" >\n\t<div class=\"modula-item-overlay\"><\/div>\n\n\t<div class=\"modula-item-content\">\n\n\t\t<a data-image-id=\"35515\" role=\"button\" tabindex=\"0\" rel=\"jtg-35523\" data-caption=\"\" aria-label=\"Open image in lightbox\" class=\"tile-inner modula-item-link\"><\/a><img decoding=\"async\" class=\"pic wp-image-35515\"  data-valign=\"middle\" data-halign=\"center\" alt=\"\" data-full=\"https:\/\/amberadvocate.org\/wp-content\/uploads\/2025\/05\/Unknown-6.png\" title=\"Unknown-6\" crop=\"\" width=\"225\" height=\"300\" src=\"https:\/\/amberadvocate.org\/wp-content\/uploads\/2025\/05\/Unknown-6-225x300.png\" data-src=\"https:\/\/amberadvocate.org\/wp-content\/uploads\/2025\/05\/Unknown-6-225x300.png\" data-caption=\"\" srcset=\"https:\/\/amberadvocate.org\/wp-content\/uploads\/2025\/05\/Unknown-6.png 480w, https:\/\/amberadvocate.org\/wp-content\/uploads\/2025\/05\/Unknown-6-225x300.png 225w\" sizes=\"(max-width: 225px) 100vw, 225px\" \/>\n\t\t<div class=\"figc no-description\">\n\t\t\t<div class=\"figc-inner\">\n\t\t\t\t\t\t\t\t\t\t\t\t\t\t\t<\/div>\n\t\t<\/div>\n\n\t<\/div>\n\n<\/div><div class=\"modula-item effect-pufrobo\" >\n\t<div class=\"modula-item-overlay\"><\/div>\n\n\t<div class=\"modula-item-content\">\n\n\t\t<a data-image-id=\"35513\" role=\"button\" tabindex=\"0\" rel=\"jtg-35523\" data-caption=\"\" aria-label=\"Open image in lightbox\" class=\"tile-inner modula-item-link\"><\/a><img decoding=\"async\" class=\"pic wp-image-35513\"  data-valign=\"middle\" data-halign=\"center\" alt=\"\" data-full=\"https:\/\/amberadvocate.org\/wp-content\/uploads\/2025\/05\/Unknown-8.png\" title=\"Unknown-8\" crop=\"\" width=\"225\" height=\"300\" src=\"https:\/\/amberadvocate.org\/wp-content\/uploads\/2025\/05\/Unknown-8-225x300.png\" data-src=\"https:\/\/amberadvocate.org\/wp-content\/uploads\/2025\/05\/Unknown-8-225x300.png\" data-caption=\"\" srcset=\"https:\/\/amberadvocate.org\/wp-content\/uploads\/2025\/05\/Unknown-8.png 480w, https:\/\/amberadvocate.org\/wp-content\/uploads\/2025\/05\/Unknown-8-225x300.png 225w\" sizes=\"(max-width: 225px) 100vw, 225px\" \/>\n\t\t<div class=\"figc no-description\">\n\t\t\t<div class=\"figc-inner\">\n\t\t\t\t\t\t\t\t\t\t\t\t\t\t\t<\/div>\n\t\t<\/div>\n\n\t<\/div>\n\n<\/div><div class=\"modula-item effect-pufrobo\" >\n\t<div class=\"modula-item-overlay\"><\/div>\n\n\t<div class=\"modula-item-content\">\n\n\t\t<a data-image-id=\"35511\" role=\"button\" tabindex=\"0\" rel=\"jtg-35523\" data-caption=\"\" aria-label=\"Open image in lightbox\" class=\"tile-inner modula-item-link\"><\/a><img decoding=\"async\" class=\"pic wp-image-35511\"  data-valign=\"middle\" data-halign=\"center\" alt=\"\" data-full=\"https:\/\/amberadvocate.org\/wp-content\/uploads\/2025\/05\/Unknown-9.png\" title=\"Unknown-9\" crop=\"\" width=\"225\" height=\"300\" src=\"https:\/\/amberadvocate.org\/wp-content\/uploads\/2025\/05\/Unknown-9-225x300.png\" data-src=\"https:\/\/amberadvocate.org\/wp-content\/uploads\/2025\/05\/Unknown-9-225x300.png\" data-caption=\"\" srcset=\"https:\/\/amberadvocate.org\/wp-content\/uploads\/2025\/05\/Unknown-9.png 480w, https:\/\/amberadvocate.org\/wp-content\/uploads\/2025\/05\/Unknown-9-225x300.png 225w\" sizes=\"(max-width: 225px) 100vw, 225px\" \/>\n\t\t<div class=\"figc no-description\">\n\t\t\t<div class=\"figc-inner\">\n\t\t\t\t\t\t\t\t\t\t\t\t\t\t\t<\/div>\n\t\t<\/div>\n\n\t<\/div>\n\n<\/div><div class=\"modula-item effect-pufrobo\" >\n\t<div class=\"modula-item-overlay\"><\/div>\n\n\t<div class=\"modula-item-content\">\n\n\t\t<a data-image-id=\"35509\" role=\"button\" tabindex=\"0\" rel=\"jtg-35523\" data-caption=\"\" aria-label=\"Open image in lightbox\" class=\"tile-inner modula-item-link\"><\/a><img decoding=\"async\" class=\"pic wp-image-35509\"  data-valign=\"middle\" data-halign=\"center\" alt=\"\" data-full=\"https:\/\/amberadvocate.org\/wp-content\/uploads\/2025\/05\/Unknown-10.png\" title=\"Unknown-10\" crop=\"\" width=\"275\" height=\"300\" src=\"https:\/\/amberadvocate.org\/wp-content\/uploads\/2025\/05\/Unknown-10-275x300.png\" data-src=\"https:\/\/amberadvocate.org\/wp-content\/uploads\/2025\/05\/Unknown-10-275x300.png\" data-caption=\"\" srcset=\"https:\/\/amberadvocate.org\/wp-content\/uploads\/2025\/05\/Unknown-10.png 586w, https:\/\/amberadvocate.org\/wp-content\/uploads\/2025\/05\/Unknown-10-275x300.png 275w\" sizes=\"(max-width: 275px) 100vw, 275px\" \/>\n\t\t<div class=\"figc no-description\">\n\t\t\t<div class=\"figc-inner\">\n\t\t\t\t\t\t\t\t\t\t\t\t\t\t\t<\/div>\n\t\t<\/div>\n\n\t<\/div>\n\n<\/div><div class=\"modula-item effect-pufrobo\" >\n\t<div class=\"modula-item-overlay\"><\/div>\n\n\t<div class=\"modula-item-content\">\n\n\t\t<a data-image-id=\"35507\" role=\"button\" tabindex=\"0\" rel=\"jtg-35523\" data-caption=\"\" aria-label=\"Open image in lightbox\" class=\"tile-inner modula-item-link\"><\/a><img decoding=\"async\" class=\"pic wp-image-35507\"  data-valign=\"middle\" data-halign=\"center\" alt=\"\" data-full=\"https:\/\/amberadvocate.org\/wp-content\/uploads\/2025\/05\/Unknown-12.png\" title=\"Unknown-12\" crop=\"\" width=\"225\" height=\"300\" src=\"https:\/\/amberadvocate.org\/wp-content\/uploads\/2025\/05\/Unknown-12-225x300.png\" data-src=\"https:\/\/amberadvocate.org\/wp-content\/uploads\/2025\/05\/Unknown-12-225x300.png\" data-caption=\"\" srcset=\"https:\/\/amberadvocate.org\/wp-content\/uploads\/2025\/05\/Unknown-12.png 480w, https:\/\/amberadvocate.org\/wp-content\/uploads\/2025\/05\/Unknown-12-225x300.png 225w\" sizes=\"(max-width: 225px) 100vw, 225px\" \/>\n\t\t<div class=\"figc no-description\">\n\t\t\t<div class=\"figc-inner\">\n\t\t\t\t\t\t\t\t\t\t\t\t\t\t\t<\/div>\n\t\t<\/div>\n\n\t<\/div>\n\n<\/div><div class=\"modula-item effect-pufrobo\" >\n\t<div class=\"modula-item-overlay\"><\/div>\n\n\t<div class=\"modula-item-content\">\n\n\t\t<a data-image-id=\"35505\" role=\"button\" tabindex=\"0\" rel=\"jtg-35523\" data-caption=\"\" aria-label=\"Open image in lightbox\" class=\"tile-inner modula-item-link\"><\/a><img decoding=\"async\" class=\"pic wp-image-35505\"  data-valign=\"middle\" data-halign=\"center\" alt=\"Alica Murphy Wildcatt with the AMBER Alert in Indian Country Program, stands with Navajo Nation President Buu Van Nygren, Joe Kistle of NCMEC, and Gary Mike, father of Ashlynne Mike, at the 2025 Memorial Run\" data-full=\"https:\/\/amberadvocate.org\/wp-content\/uploads\/2025\/05\/AMW-NNBN-Joe-Kistle-NCMEC-Gary-Mike.jpg\" title=\"AMW, NNBN, Joe Kistle NCMEC, Gary Mike\" crop=\"\" width=\"300\" height=\"274\" src=\"https:\/\/amberadvocate.org\/wp-content\/uploads\/2025\/05\/AMW-NNBN-Joe-Kistle-NCMEC-Gary-Mike-300x274.jpg\" data-src=\"https:\/\/amberadvocate.org\/wp-content\/uploads\/2025\/05\/AMW-NNBN-Joe-Kistle-NCMEC-Gary-Mike-300x274.jpg\" data-caption=\"\" srcset=\"https:\/\/amberadvocate.org\/wp-content\/uploads\/2025\/05\/AMW-NNBN-Joe-Kistle-NCMEC-Gary-Mike.jpg 960w, https:\/\/amberadvocate.org\/wp-content\/uploads\/2025\/05\/AMW-NNBN-Joe-Kistle-NCMEC-Gary-Mike-300x274.jpg 300w, https:\/\/amberadvocate.org\/wp-content\/uploads\/2025\/05\/AMW-NNBN-Joe-Kistle-NCMEC-Gary-Mike-768x701.jpg 768w\" sizes=\"(max-width: 300px) 100vw, 300px\" \/>\n\t\t<div class=\"figc no-description\">\n\t\t\t<div class=\"figc-inner\">\n\t\t\t\t\t\t\t\t\t\t\t\t\t\t\t<\/div>\n\t\t<\/div>\n\n\t<\/div>\n\n<\/div>\t\t\n\t<\/div>\n\n\t\n\t\n\t<script type=\"application\/ld+json\">\n\t{\n\t\t\"@context\": \"http:\/\/schema.org\",\n\t\t\"@type\"   : \"ImageGallery\",\n\t\t\"id\"      : \"https:\/\/amberadvocate.org\/es\/?articles=afrontar-la-crisis-de-pmim-mmim-a-traves-del-apoyo\/\",\n\t\t\"url\"     : \"https:\/\/amberadvocate.org\/es\/?articles=afrontar-la-crisis-de-pmim-mmim-a-traves-del-apoyo\/\"\n\t}\n\n\t<\/script>\n\n\t\n<\/div>\n<\/div>\n<\/div>\n<\/div>\n<\/div><\/div><\/div><div id=\"pgc-38174-4-1\"  class=\"panel-grid-cell\" ><div id=\"panel-38174-4-1-0\" class=\"so-panel widget widget_sow-editor panel-first-child panel-last-child\" data-index=\"8\" ><div\n\t\t\t\n\t\t\tclass=\"so-widget-sow-editor so-widget-sow-editor-base\"\n\t\t\t\n\t\t><h3 class=\"widget-title\">Caminando por Ashlynne Mike y la concienciaci\u00f3n sobre PMIM\/MMIM<\/h3>\n<div class=\"siteorigin-widget-tinymce textwidget\">\n\t<p>Alica Murphy Wildcatt, coordinadora de proyectos de la iniciativa AMBER Alert en territorio ind\u00edgena (AIIC) de AATTAP, particip\u00f3 en la Ashlynne Mike Memorial Mile Walk &amp; Run celebrada en Shiprock, Nuevo M\u00e9xico, el 2 de mayo.<\/p>\n<p>El evento atrajo a 111 personas, el mayor n\u00famero de participantes hasta la fecha. Los asistentes caminaron y\/o corrieron en honor a Ashlynne, hom\u00f3nima de la Ley Ashlynne Mike AMBER Alert en territorio ind\u00edgena de 2018, que la iniciativa AIIC trabaja para apoyar. <\/p>\n<p>El evento tambi\u00e9n sirvi\u00f3 para concienciar sobre el D\u00eda Nacional de Concienciaci\u00f3n sobre Mujeres y Ni\u00f1as Ind\u00edgenas Desaparecidas y Asesinadas (MMIM) el 5 de mayo.<\/p>\n<p><b>\u201c\ud835\ude0c\ud835\ude2d \ud835\ude25\u00ed\ud835\ude22 \ud835\ude27\ud835\ude36\ud835\ude26 \ud835\ude36\ud835\ude2f \ud835\ude31\ud835\ude30\ud835\ude25\ud835\ude26\ud835\ude33\ud835\ude30\ud835\ude34\ud835\ude30 \ud835\ude33\ud835\ude26\ud835\ude24\ud835\ude30\ud835\ude33\ud835\ude25\ud835\ude22\ud835\ude35\ud835\ude30\ud835\ude33\ud835\ude2a\ud835\ude30 \ud835\ude25\ud835\ude26\ud835\ude2d \ud835\ude35\ud835\ude33\ud835\ude22\ud835\ude23\ud835\ude22\ud835\ude2b\ud835\ude30 \ud835\ude32\ud835\ude36\ud835\ude26 \ud835\ude22\u00fa\ud835\ude2f \ud835\ude34\ud835\ude26 \ud835\ude2f\ud835\ude26\ud835\ude24\ud835\ude26\ud835\ude34\ud835\ude2a\ud835\ude35\ud835\ude22 \ud835\ude31\ud835\ude22\ud835\ude33\ud835\ude22 \ud835\ude31\ud835\ude33\ud835\ude30\ud835\ude35\ud835\ude26\ud835\ude28\ud835\ude26\ud835\ude33 \ud835\ude22 \ud835\ude2d\ud835\ude30\ud835\ude34 \ud835\ude2f\ud835\ude2a\u00f1\ud835\ude30\ud835\ude34 \ud835\ude2f\ud835\ude22\ud835\ude35\ud835\ude2a\ud835\ude37\ud835\ude30\ud835\ude34\u201d, \ud835\ude25\ud835\ude2a\ud835\ude24\ud835\ude26 \ud835\ude1e\ud835\ude2a\ud835\ude2d\ud835\ude25\ud835\ude24\ud835\ude22\ud835\ude35\ud835\ude35. \u201c\ud835\ude18\ud835\ude36\ud835\ude26\ud835\ude33\ud835\ude26\ud835\ude2e\ud835\ude30\ud835\ude34 \ud835\ude22\ud835\ude34\ud835\ude26\ud835\ude28\ud835\ude36\ud835\ude33\ud835\ude22\ud835\ude33\ud835\ude2f\ud835\ude30\ud835\ude34 \ud835\ude25\ud835\ude26 \ud835\ude32\ud835\ude36\ud835\ude26 \ud835\ude2d\ud835\ude30\ud835\ude34 \ud835\ude25\ud835\ude26\ud835\ude34\ud835\ude22\ud835\ude31\ud835\ude22\ud835\ude33\ud835\ude26\ud835\ude24\ud835\ude2a\ud835\ude25\ud835\ude30\ud835\ude34 \ud835\ude2f\ud835\ude30 \ud835\ude34\ud835\ude26\ud835\ude22\ud835\ude2f \ud835\ude30\ud835\ude2d\ud835\ude37\ud835\ude2a\ud835\ude25\ud835\ude22\ud835\ude25\ud835\ude30\ud835\ude34, \ud835\ude3a \ud835\ude32\ud835\ude36\ud835\ude26 \ud835\ude2d\ud835\ude22\ud835\ude34 \ud835\ude37\ud835\ude30\ud835\ude24\ud835\ude26\ud835\ude34 \ud835\ude25\ud835\ude26 \ud835\ude34\ud835\ude36\ud835\ude34 \ud835\ude27\ud835\ude22\ud835\ude2e\ud835\ude2a\ud835\ude2d\ud835\ude2a\ud835\ude22\ud835\ude34 \ud835\ude34\ud835\ude2a\ud835\ude28\ud835\ude22\ud835\ude2f \ud835\ude34\ud835\ude2a\ud835\ude26\ud835\ude2f\ud835\ude25\ud835\ude30 \ud835\ude26\ud835\ude34\ud835\ude24\ud835\ude36\ud835\ude24\ud835\ude29\ud835\ude22\ud835\ude25\ud835\ude22\ud835\ude34\u201d. <\/b><\/p>\n<\/div>\n<\/div><\/div><\/div><\/div><div id=\"pg-38174-5\"  class=\"panel-grid panel-no-style\" ><div id=\"pgc-38174-5-0\"  class=\"panel-grid-cell\" ><div id=\"panel-38174-5-0-0\" class=\"so-panel widget widget_sow-editor panel-first-child panel-last-child\" data-index=\"9\" ><div\n\t\t\t\n\t\t\tclass=\"so-widget-sow-editor so-widget-sow-editor-base\"\n\t\t\t\n\t\t>\n<div class=\"siteorigin-widget-tinymce textwidget\">\n\t<h2 style=\"text-align: right;\">Capacitaci\u00f3n y recursos de AIIC destacados en Nevada<\/h2>\n<p style=\"text-align: right;\">El coordinador de proyectos de AIIC, David Chewiwie, asisti\u00f3 a la Conferencia de Personas Ind\u00edgenas Desaparecidas y Asesinadas (PMIM) y Mujeres (MMIM) de Newe Waipaipian del 3 al 7 de mayo en Elko, Nevada. La conferencia atrajo a numerosos l\u00edderes tribales del territorio ind\u00edgena, defensores nativos, socios de las fuerzas del orden y miembros de la comunidad de todo Nevada. <\/p>\n<p style=\"text-align: right;\">Chewiwie hizo una presentaci\u00f3n sobre el AIIC y supervis\u00f3 la mesa de informaci\u00f3n del Centro Nacional de Capacitaci\u00f3n en Justicia Penal\/Programa de Capacitaci\u00f3n y Asistencia T\u00e9cnica de AMBER Alert\/iniciativa AIIC, que proporciona una variedad de capacitaci\u00f3n, recursos y asistencia tecnol\u00f3gica gratuitos a las comunidades nativas. (Obtenga m\u00e1s informaci\u00f3n <a href=\"https:\/\/ncjtc.fvtc.edu\/programs\/PR00098443\/AMBER%20Alert%20in%20Indian%20Country\">aqu\u00ed<\/a>). <\/p>\n<p style=\"text-align: right;\">\u201cAMBER Alert en territorio ind\u00edgena fue muy bien recibido por los organizadores y asistentes de la conferencia\u201d, dijo Chewiwie. \u201cYa hemos recibido una invitaci\u00f3n para participar en la conferencia del a\u00f1o que viene\u201d. <\/p>\n<\/div>\n<\/div><\/div><\/div><div id=\"pgc-38174-5-1\"  class=\"panel-grid-cell\" ><div id=\"panel-38174-5-1-0\" class=\"so-panel widget widget_sow-editor panel-first-child panel-last-child\" data-index=\"10\" ><div\n\t\t\t\n\t\t\tclass=\"so-widget-sow-editor so-widget-sow-editor-base\"\n\t\t\t\n\t\t>\n<div class=\"siteorigin-widget-tinymce textwidget\">\n\t<div  id=\"jtg-35538\" class=\"modula modula-gallery modula-columns\" data-config=\"{&quot;tabletHeight&quot;:800,&quot;mobileHeight&quot;:800,&quot;desktopHeight&quot;:800,&quot;enableTwitter&quot;:false,&quot;enableWhatsapp&quot;:false,&quot;enableFacebook&quot;:false,&quot;enablePinterest&quot;:false,&quot;enableLinkedin&quot;:false,&quot;enableEmail&quot;:false,&quot;randomFactor&quot;:0.5,&quot;type&quot;:&quot;grid&quot;,&quot;columns&quot;:12,&quot;gutter&quot;:10,&quot;mobileGutter&quot;:10,&quot;tabletGutter&quot;:10,&quot;desktopGutter&quot;:10,&quot;enableResponsive&quot;:&quot;0&quot;,&quot;tabletColumns&quot;:2,&quot;mobileColumns&quot;:1,&quot;lazyLoad&quot;:0,&quot;lightboxOpts&quot;:{&quot;animated&quot;:true,&quot;Thumbs&quot;:{&quot;type&quot;:&quot;modern&quot;,&quot;showOnStart&quot;:false},&quot;Toolbar&quot;:{&quot;display&quot;:{&quot;right&quot;:[&quot;close&quot;]},&quot;enabled&quot;:true},&quot;Carousel&quot;:{&quot;Panzoom&quot;:{&quot;touch&quot;:true},&quot;infinite&quot;:false},&quot;keyboard&quot;:{&quot;Escape&quot;:&quot;close&quot;,&quot;Delete&quot;:&quot;close&quot;,&quot;Backspace&quot;:&quot;close&quot;,&quot;PageUp&quot;:false,&quot;PageDown&quot;:false,&quot;ArrowUp&quot;:false,&quot;ArrowDown&quot;:false,&quot;ArrowRight&quot;:false,&quot;ArrowLeft&quot;:false},&quot;touch&quot;:false,&quot;backdropClick&quot;:false,&quot;l10n&quot;:{&quot;CLOSE&quot;:&quot;Close&quot;,&quot;NEXT&quot;:&quot;Next&quot;,&quot;PREV&quot;:&quot;Previous&quot;,&quot;Error&quot;:&quot;The requested content cannot be loaded. Please try again later.&quot;,&quot;PLAY_START&quot;:&quot;Start slideshow&quot;,&quot;PLAY_STOP&quot;:&quot;Pause slideshow&quot;,&quot;FULL_SCREEN&quot;:&quot;Full screen&quot;,&quot;THUMBS&quot;:&quot;Thumbnails&quot;,&quot;DOWNLOAD&quot;:&quot;Download&quot;,&quot;SHARE&quot;:&quot;Share&quot;,&quot;ZOOM&quot;:&quot;Zoom&quot;,&quot;EMAIL&quot;:&quot;Here is the link to the image : %%image_link%% and this is the link to the gallery : %%gallery_link%%&quot;,&quot;MODAL&quot;:&quot;You can close this modal content with the ESC key&quot;,&quot;ERROR&quot;:&quot;Something Went Wrong, Please Try Again Later&quot;,&quot;IMAGE_ERROR&quot;:&quot;Image Not Found&quot;,&quot;ELEMENT_NOT_FOUND&quot;:&quot;HTML Element Not Found&quot;,&quot;AJAX_NOT_FOUND&quot;:&quot;Error Loading AJAX : Not Found&quot;,&quot;AJAX_FORBIDDEN&quot;:&quot;Error Loading AJAX : Forbidden&quot;,&quot;IFRAME_ERROR&quot;:&quot;Error Loading Page&quot;,&quot;TOGGLE_ZOOM&quot;:&quot;Toggle zoom level&quot;,&quot;TOGGLE_THUMBS&quot;:&quot;Toggle thumbnails&quot;,&quot;TOGGLE_SLIDESHOW&quot;:&quot;Toggle slideshow&quot;,&quot;TOGGLE_FULLSCREEN&quot;:&quot;Toggle full-screen mode&quot;},&quot;Images&quot;:{&quot;Panzoom&quot;:{&quot;maxScale&quot;:2}},&quot;mainClass&quot;:&quot;modula-fancybox-container modula-lightbox-jtg-35538&quot;,&quot;Html&quot;:{&quot;videoAutoplay&quot;:0,&quot;videoTpl&quot;:&quot;&lt;video class=\\&quot;fancybox__html5video\\&quot; controls muted playsinline controlsList controlsList=\\&quot;nodownload\\&quot; poster=\\&quot;{{poster}}\\&quot; src=\\&quot;{{src}}\\&quot; type=\\&quot;{{format}}\\&quot; &gt;  Sorry, your browser doesn&#039;t support embedded videos, &lt;a href=\\&quot;{{src}}\\&quot;&gt; download &lt;\\\/a&gt; and watch with your favorite video player! &lt;\\\/video&gt;&quot;}},&quot;inView&quot;:false,&quot;email_subject&quot;:&quot;Check out this awesome image !!&quot;,&quot;email_message&quot;:&quot;Here is the link to the image : %%image_link%% and this is the link to the gallery : %%gallery_link%%&quot;,&quot;grid_type&quot;:&quot;automatic&quot;,&quot;rowHeight&quot;:250,&quot;lastRow&quot;:&quot;justify&quot;,&quot;lightbox&quot;:&quot;fancybox&quot;}\">\n\n\t\n\t<div  class=\"modula-items grid-gallery\">\n\t\t<div class=\"modula-item effect-pufrobo\" >\n\t<div class=\"modula-item-overlay\"><\/div>\n\n\t<div class=\"modula-item-content\">\n\n\t\t<a data-image-id=\"35536\" role=\"button\" tabindex=\"0\" rel=\"jtg-35538\" data-caption=\"\" aria-label=\"Open image in lightbox\" class=\"tile-inner modula-item-link\"><\/a><img decoding=\"async\" class=\"pic wp-image-35536\"  data-valign=\"middle\" data-halign=\"center\" alt=\"Dave Chewiwie with a photo of Ashlynne Mike in Elkin, Nevada during a AMBER Alert in Indian Country training session\" data-full=\"https:\/\/amberadvocate.org\/wp-content\/uploads\/2025\/05\/Ashlynne-Dave.png\" title=\"Ashlynne Dave\" crop=\"\" width=\"300\" height=\"244\" src=\"https:\/\/amberadvocate.org\/wp-content\/uploads\/2025\/05\/Ashlynne-Dave-300x244.png\" data-src=\"https:\/\/amberadvocate.org\/wp-content\/uploads\/2025\/05\/Ashlynne-Dave-300x244.png\" data-caption=\"\" srcset=\"https:\/\/amberadvocate.org\/wp-content\/uploads\/2025\/05\/Ashlynne-Dave.png 1216w, https:\/\/amberadvocate.org\/wp-content\/uploads\/2025\/05\/Ashlynne-Dave-300x244.png 300w, https:\/\/amberadvocate.org\/wp-content\/uploads\/2025\/05\/Ashlynne-Dave-1024x832.png 1024w, https:\/\/amberadvocate.org\/wp-content\/uploads\/2025\/05\/Ashlynne-Dave-768x624.png 768w\" sizes=\"(max-width: 300px) 100vw, 300px\" \/>\n\t\t<div class=\"figc no-description\">\n\t\t\t<div class=\"figc-inner\">\n\t\t\t\t\t\t\t\t\t\t\t\t\t\t\t<\/div>\n\t\t<\/div>\n\n\t<\/div>\n\n<\/div><div class=\"modula-item effect-pufrobo\" >\n\t<div class=\"modula-item-overlay\"><\/div>\n\n\t<div class=\"modula-item-content\">\n\n\t\t<a data-image-id=\"35534\" role=\"button\" tabindex=\"0\" rel=\"jtg-35538\" data-caption=\"\" aria-label=\"Open image in lightbox\" class=\"tile-inner modula-item-link\"><\/a><img decoding=\"async\" class=\"pic wp-image-35534\"  data-valign=\"middle\" data-halign=\"center\" alt=\"\" data-full=\"https:\/\/amberadvocate.org\/wp-content\/uploads\/2025\/05\/Unknown-10.jpeg\" title=\"Unknown-10\" crop=\"\" width=\"274\" height=\"300\" src=\"https:\/\/amberadvocate.org\/wp-content\/uploads\/2025\/05\/Unknown-10-274x300.jpeg\" data-src=\"https:\/\/amberadvocate.org\/wp-content\/uploads\/2025\/05\/Unknown-10-274x300.jpeg\" data-caption=\"\" srcset=\"https:\/\/amberadvocate.org\/wp-content\/uploads\/2025\/05\/Unknown-10.jpeg 473w, https:\/\/amberadvocate.org\/wp-content\/uploads\/2025\/05\/Unknown-10-274x300.jpeg 274w\" sizes=\"(max-width: 274px) 100vw, 274px\" \/>\n\t\t<div class=\"figc no-description\">\n\t\t\t<div class=\"figc-inner\">\n\t\t\t\t\t\t\t\t\t\t\t\t\t\t\t<\/div>\n\t\t<\/div>\n\n\t<\/div>\n\n<\/div><div class=\"modula-item effect-pufrobo\" >\n\t<div class=\"modula-item-overlay\"><\/div>\n\n\t<div class=\"modula-item-content\">\n\n\t\t<a data-image-id=\"35532\" role=\"button\" tabindex=\"0\" rel=\"jtg-35538\" data-caption=\"\" aria-label=\"Open image in lightbox\" class=\"tile-inner modula-item-link\"><\/a><img decoding=\"async\" class=\"pic wp-image-35532\"  data-valign=\"middle\" data-halign=\"center\" alt=\"\" data-full=\"https:\/\/amberadvocate.org\/wp-content\/uploads\/2025\/05\/Setting.png\" title=\"Setting\" crop=\"\" width=\"296\" height=\"300\" src=\"https:\/\/amberadvocate.org\/wp-content\/uploads\/2025\/05\/Setting-296x300.png\" data-src=\"https:\/\/amberadvocate.org\/wp-content\/uploads\/2025\/05\/Setting-296x300.png\" data-caption=\"\" srcset=\"https:\/\/amberadvocate.org\/wp-content\/uploads\/2025\/05\/Setting.png 461w, https:\/\/amberadvocate.org\/wp-content\/uploads\/2025\/05\/Setting-296x300.png 296w\" sizes=\"(max-width: 296px) 100vw, 296px\" \/>\n\t\t<div class=\"figc no-description\">\n\t\t\t<div class=\"figc-inner\">\n\t\t\t\t\t\t\t\t\t\t\t\t\t\t\t<\/div>\n\t\t<\/div>\n\n\t<\/div>\n\n<\/div><div class=\"modula-item effect-pufrobo\" >\n\t<div class=\"modula-item-overlay\"><\/div>\n\n\t<div class=\"modula-item-content\">\n\n\t\t<a data-image-id=\"35530\" role=\"button\" tabindex=\"0\" rel=\"jtg-35538\" data-caption=\"\" aria-label=\"Open image in lightbox\" class=\"tile-inner modula-item-link\"><\/a><img decoding=\"async\" class=\"pic wp-image-35530\"  data-valign=\"middle\" data-halign=\"center\" alt=\"\" data-full=\"https:\/\/amberadvocate.org\/wp-content\/uploads\/2025\/05\/Unknown-2.png\" title=\"Unknown-2\" crop=\"\" width=\"282\" height=\"300\" src=\"https:\/\/amberadvocate.org\/wp-content\/uploads\/2025\/05\/Unknown-2-282x300.png\" data-src=\"https:\/\/amberadvocate.org\/wp-content\/uploads\/2025\/05\/Unknown-2-282x300.png\" data-caption=\"\" srcset=\"https:\/\/amberadvocate.org\/wp-content\/uploads\/2025\/05\/Unknown-2.png 602w, https:\/\/amberadvocate.org\/wp-content\/uploads\/2025\/05\/Unknown-2-282x300.png 282w\" sizes=\"(max-width: 282px) 100vw, 282px\" \/>\n\t\t<div class=\"figc no-description\">\n\t\t\t<div class=\"figc-inner\">\n\t\t\t\t\t\t\t\t\t\t\t\t\t\t\t<\/div>\n\t\t<\/div>\n\n\t<\/div>\n\n<\/div><div class=\"modula-item effect-pufrobo\" >\n\t<div class=\"modula-item-overlay\"><\/div>\n\n\t<div class=\"modula-item-content\">\n\n\t\t<a data-image-id=\"35528\" role=\"button\" tabindex=\"0\" rel=\"jtg-35538\" data-caption=\"\" aria-label=\"Open image in lightbox\" class=\"tile-inner modula-item-link\"><\/a><img decoding=\"async\" class=\"pic wp-image-35528\"  data-valign=\"middle\" data-halign=\"center\" alt=\"\" data-full=\"https:\/\/amberadvocate.org\/wp-content\/uploads\/2025\/05\/Unknown-1.png\" title=\"Unknown-1\" crop=\"\" width=\"282\" height=\"300\" src=\"https:\/\/amberadvocate.org\/wp-content\/uploads\/2025\/05\/Unknown-1-282x300.png\" data-src=\"https:\/\/amberadvocate.org\/wp-content\/uploads\/2025\/05\/Unknown-1-282x300.png\" data-caption=\"\" srcset=\"https:\/\/amberadvocate.org\/wp-content\/uploads\/2025\/05\/Unknown-1.png 534w, https:\/\/amberadvocate.org\/wp-content\/uploads\/2025\/05\/Unknown-1-282x300.png 282w\" sizes=\"(max-width: 282px) 100vw, 282px\" \/>\n\t\t<div class=\"figc no-description\">\n\t\t\t<div class=\"figc-inner\">\n\t\t\t\t\t\t\t\t\t\t\t\t\t\t\t<\/div>\n\t\t<\/div>\n\n\t<\/div>\n\n<\/div><div class=\"modula-item effect-pufrobo\" >\n\t<div class=\"modula-item-overlay\"><\/div>\n\n\t<div class=\"modula-item-content\">\n\n\t\t<a data-image-id=\"35526\" role=\"button\" tabindex=\"0\" rel=\"jtg-35538\" data-caption=\"\" aria-label=\"Open image in lightbox\" class=\"tile-inner modula-item-link\"><\/a><img decoding=\"async\" class=\"pic wp-image-35526\"  data-valign=\"middle\" data-halign=\"center\" alt=\"\" data-full=\"https:\/\/amberadvocate.org\/wp-content\/uploads\/2025\/05\/Unknown-9-1.png\" title=\"Unknown-9\" crop=\"\" width=\"300\" height=\"295\" src=\"https:\/\/amberadvocate.org\/wp-content\/uploads\/2025\/05\/Unknown-9-1-300x295.png\" data-src=\"https:\/\/amberadvocate.org\/wp-content\/uploads\/2025\/05\/Unknown-9-1-300x295.png\" data-caption=\"\" srcset=\"https:\/\/amberadvocate.org\/wp-content\/uploads\/2025\/05\/Unknown-9-1.png 480w, https:\/\/amberadvocate.org\/wp-content\/uploads\/2025\/05\/Unknown-9-1-300x295.png 300w\" sizes=\"(max-width: 300px) 100vw, 300px\" \/>\n\t\t<div class=\"figc no-description\">\n\t\t\t<div class=\"figc-inner\">\n\t\t\t\t\t\t\t\t\t\t\t\t\t\t\t<\/div>\n\t\t<\/div>\n\n\t<\/div>\n\n<\/div><div class=\"modula-item effect-pufrobo\" >\n\t<div class=\"modula-item-overlay\"><\/div>\n\n\t<div class=\"modula-item-content\">\n\n\t\t<a data-image-id=\"35524\" role=\"button\" tabindex=\"0\" rel=\"jtg-35538\" data-caption=\"\" aria-label=\"Open image in lightbox\" class=\"tile-inner modula-item-link\"><\/a><img decoding=\"async\" class=\"pic wp-image-35524\"  data-valign=\"middle\" data-halign=\"center\" alt=\"\" data-full=\"https:\/\/amberadvocate.org\/wp-content\/uploads\/2025\/05\/Unknown-11.png\" title=\"Unknown-11\" crop=\"\" width=\"300\" height=\"238\" src=\"https:\/\/amberadvocate.org\/wp-content\/uploads\/2025\/05\/Unknown-11-300x238.png\" data-src=\"https:\/\/amberadvocate.org\/wp-content\/uploads\/2025\/05\/Unknown-11-300x238.png\" data-caption=\"\" srcset=\"https:\/\/amberadvocate.org\/wp-content\/uploads\/2025\/05\/Unknown-11.png 588w, https:\/\/amberadvocate.org\/wp-content\/uploads\/2025\/05\/Unknown-11-300x238.png 300w\" sizes=\"(max-width: 300px) 100vw, 300px\" \/>\n\t\t<div class=\"figc no-description\">\n\t\t\t<div class=\"figc-inner\">\n\t\t\t\t\t\t\t\t\t\t\t\t\t\t\t<\/div>\n\t\t<\/div>\n\n\t<\/div>\n\n<\/div>\t\t\n\t<\/div>\n\n\t\n\t\n\t<script type=\"application\/ld+json\">\n\t{\n\t\t\"@context\": \"http:\/\/schema.org\",\n\t\t\"@type\"   : \"ImageGallery\",\n\t\t\"id\"      : \"https:\/\/amberadvocate.org\/es\/?articles=afrontar-la-crisis-de-pmim-mmim-a-traves-del-apoyo\/\",\n\t\t\"url\"     : \"https:\/\/amberadvocate.org\/es\/?articles=afrontar-la-crisis-de-pmim-mmim-a-traves-del-apoyo\/\"\n\t}\n\n\t<\/script>\n\n\t\n<\/div>\n\n<\/div>\n<\/div><\/div><\/div><\/div><\/div>","protected":false},"excerpt":{"rendered":"<p>\u201cCada voz importa\u201d en la b\u00fasqueda de personas ind\u00edgenas desaparecidas y asesinadas, y esto sustenta el trabajo del programa Ashlynne Mike AMBER Alert en territorio ind\u00edgena. La iniciativa ayuda a las fuerzas del orden tribales y no tribales a encontrar r\u00e1pidamente a los ni\u00f1os desaparecidos y a buscar justicia para cualquier vida preciosa da\u00f1ada. <\/p>\n","protected":false},"featured_media":35242,"template":"","magazine_tags":[1332,541,1279,1110,1093,599,1326,1330,1092,1333,1340,1329,1347,1280,1327,489,1334,1331,1325,1335,1323,1324,519,1002,1006,1322,536,556,1338,1336,1328,593,1337,1339],"class_list":["post-38174","articles","type-articles","status-publish","has-post-thumbnail","hentry","magazine_category-spanish-indian-country-web-article","magazine_category-spanish-web-exclusives","magazine_tags-not-afraid-film","magazine_tags-alaska-native","magazine_tags-alica-murphy-wildcatt","magazine_tags-amber-alert-in-indian-country","magazine_tags-amber-alert-in-indian-country-act","magazine_tags-amber-alert-training-technical-assistance-program","magazine_tags-american-indian","magazine_tags-amy-hood-schwindt","magazine_tags-ashlynne-mike","magazine_tags-billboards","magazine_tags-chippewa-cree-tribe","magazine_tags-dave-chewiwie","magazine_tags-david-dave-chewiwie","magazine_tags-eastern-band-of-cherokee-indians","magazine_tags-first-peoples","magazine_tags-janell-rasmussen","magazine_tags-jashaun-st-john","magazine_tags-jen-murphy","magazine_tags-may-5","magazine_tags-michaela-bruce","magazine_tags-missing-and-murdered-indigenous-persons","magazine_tags-missing-and-murdered-indigenous-women-and-girls","magazine_tags-mmip","magazine_tags-mmiwg","magazine_tags-montana","magazine_tags-national-day-of-awareness","magazine_tags-native-american","magazine_tags-navajo-nation","magazine_tags-pueblo-of-isleta","magazine_tags-red-hand","magazine_tags-tyesha-wood","magazine_tags-u-s-department-of-justice","magazine_tags-when-a-loved-one-goes-missing-resources-for-families-of-missing-american-indian-and-alaska-native-adults","magazine_tags-yavapai-apache"],"meta_box":{"articles_subhead":"","articles_primary_category":[]},"publishpress_future_workflow_manual_trigger":{"enabledWorkflows":[]},"_links":{"self":[{"href":"https:\/\/amberadvocate.org\/es\/wp-json\/wp\/v2\/articles\/38174","targetHints":{"allow":["GET"]}}],"collection":[{"href":"https:\/\/amberadvocate.org\/es\/wp-json\/wp\/v2\/articles"}],"about":[{"href":"https:\/\/amberadvocate.org\/es\/wp-json\/wp\/v2\/types\/articles"}],"wp:featuredmedia":[{"embeddable":true,"href":"https:\/\/amberadvocate.org\/es\/wp-json\/wp\/v2\/media\/35242"}],"wp:attachment":[{"href":"https:\/\/amberadvocate.org\/es\/wp-json\/wp\/v2\/media?parent=38174"}],"wp:term":[{"taxonomy":"magazine_tags","embeddable":true,"href":"https:\/\/amberadvocate.org\/es\/wp-json\/wp\/v2\/magazine_tags?post=38174"}],"curies":[{"name":"wp","href":"https:\/\/api.w.org\/{rel}","templated":true}]}}