{"id":38156,"date":"2024-10-09T15:07:59","date_gmt":"2024-10-09T20:07:59","guid":{"rendered":"https:\/\/amberadvocate.org\/back-issues\/kentucky-promulga-la-alerta-para-ninos-con-autismo\/"},"modified":"2026-01-17T17:28:45","modified_gmt":"2026-01-17T23:28:45","slug":"kentucky-promulga-la-alerta-para-ninos-con-autismo","status":"publish","type":"articles","link":"https:\/\/amberadvocate.org\/es\/?articles=kentucky-promulga-la-alerta-para-ninos-con-autismo","title":{"rendered":"Kentucky promulga la alerta para ni\u00f1os con autismo"},"content":{"rendered":"<div id=\"pl-38156\"  class=\"panel-layout\" ><div id=\"pg-38156-0\"  class=\"panel-grid panel-no-style\" ><div id=\"pgc-38156-0-0\"  class=\"panel-grid-cell\" ><div id=\"panel-38156-0-0-0\" class=\"so-panel widget widget_media_image panel-first-child panel-last-child\" data-index=\"0\" ><img decoding=\"async\" width=\"300\" height=\"168\" src=\"https:\/\/amberadvocate.org\/wp-content\/uploads\/2024\/10\/Ian-Alert-Kentucky-300x168.png\" class=\"image wp-image-31582  attachment-medium size-medium\" alt=\"Foto de Ian Sousis, hom\u00f3nimo de la Alerta Ian de Kentucky centrada en el autismo\" style=\"max-width: 100%; height: auto;\" srcset=\"https:\/\/amberadvocate.org\/wp-content\/uploads\/2024\/10\/Ian-Alert-Kentucky-300x168.png 300w, https:\/\/amberadvocate.org\/wp-content\/uploads\/2024\/10\/Ian-Alert-Kentucky-1024x574.png 1024w, https:\/\/amberadvocate.org\/wp-content\/uploads\/2024\/10\/Ian-Alert-Kentucky-768x431.png 768w, https:\/\/amberadvocate.org\/wp-content\/uploads\/2024\/10\/Ian-Alert-Kentucky.png 1200w\" sizes=\"(max-width: 300px) 100vw, 300px\" \/><\/div><\/div><div id=\"pgc-38156-0-1\"  class=\"panel-grid-cell\" ><div id=\"panel-38156-0-1-0\" class=\"so-panel widget widget_sow-editor panel-first-child panel-last-child\" data-index=\"1\" ><div\n\t\t\t\n\t\t\tclass=\"so-widget-sow-editor so-widget-sow-editor-base\"\n\t\t\t\n\t\t>\n<div class=\"siteorigin-widget-tinymce textwidget\">\n\t<div>\n<p class=\"BodyText1\">La tr\u00e1gica historia de un ni\u00f1o autista de 9 a\u00f1os que se ahog\u00f3 tras escaparse de un centro infantil ha dado lugar a una nueva alerta de ni\u00f1o desaparecido en Kentucky. La \"<a href=\"https:\/\/www.wlwt.com\/article\/ian-alert-lawmakers-kentucky-frankfort-law\/60503884\">Alerta lan<\/a>\", que lleva el nombre de Ian Sousis, fallecido en 2022, est\u00e1 dise\u00f1ada para ayudar a recuperar de forma r\u00e1pida y segura a los ni\u00f1os autistas desaparecidos mediante un sistema de notificaci\u00f3n comparable a la Alerta AMBER. Los ni\u00f1os autistas se sienten atra\u00eddos por el agua y el ahogamiento es la principal causa de muerte. La nueva alerta cubrir\u00e1 los huecos entre otras alertas y utilizar\u00e1 el mismo sistema que la Alerta AMBER. La Direcci\u00f3n de Emergencias de Kentucky ha estado desarrollando pol\u00edticas para su aplicaci\u00f3n despu\u00e9s de que el gobernador Andy Beshear promulgara la alerta como ley. \"Se trata de otra herramienta de la caja de herramientas\", dijo el teniente Phillip Ridgell, del Departamento del Sheriff del condado de Boone.     <\/p>\n<\/div>\n<\/div>\n<\/div><\/div><\/div><\/div><\/div>","protected":false},"excerpt":{"rendered":"<p>La tr\u00e1gica historia de un ni\u00f1o autista de 9 a\u00f1os que se ahog\u00f3 tras escaparse de un centro infantil ha dado lugar a una nueva alerta de ni\u00f1o desaparecido en Kentucky. La \u00abAlerta lan\u00bb, que lleva el nombre de Ian Sousis, fallecido en 2022, est\u00e1 dise\u00f1ada para ayudar a recuperar de forma r\u00e1pida y segura [&hellip;]<\/p>\n","protected":false},"featured_media":31582,"template":"","magazine_tags":[1031,1035,1034,1032,1033,1030],"class_list":["post-38156","articles","type-articles","status-publish","has-post-thumbnail","hentry","magazine_category-informes-ee-uu","issue-numero-60","magazine_tags-autism","magazine_tags-boone-county-sheriffs-department","magazine_tags-governor-andy-beshear","magazine_tags-ian-alert","magazine_tags-ian-sousis","magazine_tags-kentucky"],"meta_box":{"articles_subhead":"","articles_primary_category":[]},"publishpress_future_workflow_manual_trigger":{"enabledWorkflows":[]},"_links":{"self":[{"href":"https:\/\/amberadvocate.org\/es\/wp-json\/wp\/v2\/articles\/38156","targetHints":{"allow":["GET"]}}],"collection":[{"href":"https:\/\/amberadvocate.org\/es\/wp-json\/wp\/v2\/articles"}],"about":[{"href":"https:\/\/amberadvocate.org\/es\/wp-json\/wp\/v2\/types\/articles"}],"wp:featuredmedia":[{"embeddable":true,"href":"https:\/\/amberadvocate.org\/es\/wp-json\/wp\/v2\/media\/31582"}],"wp:attachment":[{"href":"https:\/\/amberadvocate.org\/es\/wp-json\/wp\/v2\/media?parent=38156"}],"wp:term":[{"taxonomy":"magazine_tags","embeddable":true,"href":"https:\/\/amberadvocate.org\/es\/wp-json\/wp\/v2\/magazine_tags?post=38156"}],"curies":[{"name":"wp","href":"https:\/\/api.w.org\/{rel}","templated":true}]}}