{"id":38154,"date":"2025-02-03T00:07:31","date_gmt":"2025-02-03T06:07:31","guid":{"rendered":"https:\/\/amberadvocate.org\/back-issues\/estudio-nebraska-registra-un-aumento-significativo-de-indigenas-desaparecidos\/"},"modified":"2026-01-17T17:25:01","modified_gmt":"2026-01-17T23:25:01","slug":"estudio-nebraska-registra-un-aumento-significativo-de-indigenas-desaparecidos","status":"publish","type":"articles","link":"https:\/\/amberadvocate.org\/es\/?articles=estudio-nebraska-registra-un-aumento-significativo-de-indigenas-desaparecidos","title":{"rendered":"Estudio: Nebraska registra un aumento significativo de ind\u00edgenas desaparecidos"},"content":{"rendered":"<div id=\"pl-38154\"  class=\"panel-layout\" ><div id=\"pg-38154-0\"  class=\"panel-grid panel-no-style\" ><div id=\"pgc-38154-0-0\"  class=\"panel-grid-cell\" ><div id=\"panel-38154-0-0-0\" class=\"so-panel widget widget_media_image panel-first-child panel-last-child\" data-index=\"0\" ><img decoding=\"async\" width=\"300\" height=\"300\" src=\"https:\/\/amberadvocate.org\/wp-content\/uploads\/2025\/02\/4.-gaiashkibos-testifies-at-hearing-300x300.jpg\" class=\"image wp-image-33456  attachment-medium size-medium\" alt=\"Judi gaiashkibos, miembro de la tribu Ponca y directora de la Comisi\u00f3n de Asuntos Ind\u00edgenas de Nebraska\" style=\"max-width: 100%; height: auto;\" srcset=\"https:\/\/amberadvocate.org\/wp-content\/uploads\/2025\/02\/4.-gaiashkibos-testifies-at-hearing-300x300.jpg 300w, https:\/\/amberadvocate.org\/wp-content\/uploads\/2025\/02\/4.-gaiashkibos-testifies-at-hearing-1024x1024.jpg 1024w, https:\/\/amberadvocate.org\/wp-content\/uploads\/2025\/02\/4.-gaiashkibos-testifies-at-hearing-150x150.jpg 150w, https:\/\/amberadvocate.org\/wp-content\/uploads\/2025\/02\/4.-gaiashkibos-testifies-at-hearing-768x768.jpg 768w, https:\/\/amberadvocate.org\/wp-content\/uploads\/2025\/02\/4.-gaiashkibos-testifies-at-hearing.jpg 1200w\" sizes=\"(max-width: 300px) 100vw, 300px\" \/><\/div><\/div><div id=\"pgc-38154-0-1\"  class=\"panel-grid-cell\" ><div id=\"panel-38154-0-1-0\" class=\"so-panel widget widget_sow-editor panel-first-child panel-last-child\" data-index=\"1\" ><div\n\t\t\t\n\t\t\tclass=\"so-widget-sow-editor so-widget-sow-editor-base\"\n\t\t\t\n\t\t>\n<div class=\"siteorigin-widget-tinymce textwidget\">\n\t<p class=\"BodyText1\">Los casos denunciados de personas ind\u00edgenas desaparecidas en Nebraska casi se han <a href=\"https:\/\/ictnews.org\/news\/number-of-missing-natives-in-nebraska-has-nearly-doubled\" target=\"_blank\" rel=\"noopener\">duplicado<\/a>: de 23 en 2020 a 43 en 2024. Estas cifras se producen aproximadamente cinco a\u00f1os despu\u00e9s de que se encargara a la Patrulla Estatal de Nebraska (NSP) estudiar y elaborar recomendaciones para frenar la tasa desproporcionada a la que desaparecen los ni\u00f1os y mujeres ind\u00edgenas. Los funcionarios creen que el aumento del n\u00famero de personas ind\u00edgenas desaparecidas revela una imagen m\u00e1s precisa de la crisis, derivada de los esfuerzos de la NSP por incluir la raza en los informes de personas desaparecidas. Aunque los cr\u00edticos cuestionan por qu\u00e9 el estudio hist\u00f3rico de la agencia \u2014en el que otros estados han basado los suyos\u2014 ha visto pocas acciones recomendadas implementadas, otros dicen que el cambio est\u00e1 ocurriendo. \u201cEl progreso no es tan r\u00e1pido como siempre me gustar\u00eda, pero creo que estamos progresando\u201d, dijo Judi gaiashkibos, ciudadana de la tribu Ponca y directora de la Comisi\u00f3n de Asuntos Ind\u00edgenas de Nebraska, que trabaj\u00f3 con la NSP en el informe.<\/p>\n<\/div>\n<\/div><\/div><\/div><\/div><\/div>","protected":false},"excerpt":{"rendered":"<p>Los casos denunciados de personas ind\u00edgenas desaparecidas en Nebraska casi se han duplicado: de 23 en 2020 a 43 en 2024. Estas cifras se producen aproximadamente cinco a\u00f1os despu\u00e9s de que se encargara a la Patrulla Estatal de Nebraska (NSP) estudiar y elaborar recomendaciones para frenar la tasa desproporcionada a la que desaparecen los ni\u00f1os [&hellip;]<\/p>\n","protected":false},"featured_media":33456,"template":"","magazine_tags":[1149,1146,1148,1145,1151,1147,1150],"class_list":["post-38154","articles","type-articles","status-publish","has-post-thumbnail","hentry","magazine_category-informes-del-pais-indigena","issue-numero-61","magazine_tags-judi-gaiashkibos","magazine_tags-missing-indigenous","magazine_tags-mmip-study","magazine_tags-nebraska","magazine_tags-nebraska-commission-on-indian-affairs","magazine_tags-nebraska-state-patrol","magazine_tags-ponca-tribe"],"meta_box":{"articles_subhead":"","articles_primary_category":[]},"publishpress_future_workflow_manual_trigger":{"enabledWorkflows":[]},"_links":{"self":[{"href":"https:\/\/amberadvocate.org\/es\/wp-json\/wp\/v2\/articles\/38154","targetHints":{"allow":["GET"]}}],"collection":[{"href":"https:\/\/amberadvocate.org\/es\/wp-json\/wp\/v2\/articles"}],"about":[{"href":"https:\/\/amberadvocate.org\/es\/wp-json\/wp\/v2\/types\/articles"}],"wp:featuredmedia":[{"embeddable":true,"href":"https:\/\/amberadvocate.org\/es\/wp-json\/wp\/v2\/media\/33456"}],"wp:attachment":[{"href":"https:\/\/amberadvocate.org\/es\/wp-json\/wp\/v2\/media?parent=38154"}],"wp:term":[{"taxonomy":"magazine_tags","embeddable":true,"href":"https:\/\/amberadvocate.org\/es\/wp-json\/wp\/v2\/magazine_tags?post=38154"}],"curies":[{"name":"wp","href":"https:\/\/api.w.org\/{rel}","templated":true}]}}