{"id":38151,"date":"2025-02-02T23:35:02","date_gmt":"2025-02-03T05:35:02","guid":{"rendered":"https:\/\/amberadvocate.org\/back-issues\/la-investigacion-lost-in-europe-gana-un-premio\/"},"modified":"2026-01-17T17:27:26","modified_gmt":"2026-01-17T23:27:26","slug":"la-investigacion-lost-in-europe-gana-un-premio","status":"publish","type":"articles","link":"https:\/\/amberadvocate.org\/es\/?articles=la-investigacion-lost-in-europe-gana-un-premio","title":{"rendered":"La investigaci\u00f3n Lost in Europe gana un premio"},"content":{"rendered":"<div id=\"pl-38151\"  class=\"panel-layout\" ><div id=\"pg-38151-0\"  class=\"panel-grid panel-no-style\" ><div id=\"pgc-38151-0-0\"  class=\"panel-grid-cell\" ><div id=\"panel-38151-0-0-0\" class=\"so-panel widget widget_media_image panel-first-child panel-last-child\" data-index=\"0\" ><img decoding=\"async\" width=\"300\" height=\"242\" src=\"https:\/\/amberadvocate.org\/wp-content\/uploads\/2025\/02\/3-Missing-in-Europe-prize-full-300x242.png\" class=\"image wp-image-33439  attachment-medium size-medium\" alt=\"Ilustraci\u00f3n que representa el proyecto Lost in Europe y el Premio Daphne Caruana Galizia de Periodismo\" style=\"max-width: 100%; height: auto;\" srcset=\"https:\/\/amberadvocate.org\/wp-content\/uploads\/2025\/02\/3-Missing-in-Europe-prize-full-300x242.png 300w, https:\/\/amberadvocate.org\/wp-content\/uploads\/2025\/02\/3-Missing-in-Europe-prize-full-768x621.png 768w, https:\/\/amberadvocate.org\/wp-content\/uploads\/2025\/02\/3-Missing-in-Europe-prize-full.png 823w\" sizes=\"(max-width: 300px) 100vw, 300px\" \/><\/div><\/div><div id=\"pgc-38151-0-1\"  class=\"panel-grid-cell\" ><div id=\"panel-38151-0-1-0\" class=\"so-panel widget widget_sow-editor panel-first-child panel-last-child\" data-index=\"1\" ><div\n\t\t\t\n\t\t\tclass=\"so-widget-sow-editor so-widget-sow-editor-base\"\n\t\t\t\n\t\t>\n<div class=\"siteorigin-widget-tinymce textwidget\">\n\t<p class=\"BodyText1\">El Parlamento Europeo ha elogiado un proyecto que revel\u00f3 un sorprendente n\u00famero de ni\u00f1os migrantes desaparecidos en Europa. El proyecto <a href=\"https:\/\/lostineurope.eu\/\" target=\"_blank\" rel=\"noopener\">Lost in<\/a> Europe investig\u00f3 la desaparici\u00f3n de m\u00e1s de 50.000 ni\u00f1os migrantes y descubri\u00f3 que, por t\u00e9rmino medio, casi 47 ni\u00f1os migrantes que llegan a Europa han desaparecido cada d\u00eda desde 2021. La investigaci\u00f3n concluy\u00f3 que muchos de los ni\u00f1os desaparecidos son v\u00edctimas de la trata de seres humanos; bas\u00e1ndose en las incoherencias de la documentaci\u00f3n, el n\u00famero real puede ser incluso mayor. Los resultados son \"s\u00f3lo la punta del iceberg\", dijo Aagje Leven, secretaria general de Missing Children Europe. La investigaci\u00f3n conjunta, de tres meses de duraci\u00f3n, llevada a cabo por medios de comunicaci\u00f3n de siete pa\u00edses recibi\u00f3 el Premio de Periodismo Daphne Caruana Galizia 2024 del Parlamento Europeo, que lleva el nombre de la periodista y activista anticorrupci\u00f3n asesinada.    <\/p>\n<\/div>\n<\/div><\/div><\/div><\/div><\/div>","protected":false},"excerpt":{"rendered":"<p>El Parlamento Europeo ha elogiado un proyecto que revel\u00f3 un sorprendente n\u00famero de ni\u00f1os migrantes desaparecidos en Europa. El proyecto Lost in Europe investig\u00f3 la desaparici\u00f3n de m\u00e1s de 50.000 ni\u00f1os migrantes y descubri\u00f3 que, por t\u00e9rmino medio, casi 47 ni\u00f1os migrantes que llegan a Europa han desaparecido cada d\u00eda desde 2021. La investigaci\u00f3n concluy\u00f3 [&hellip;]<\/p>\n","protected":false},"featured_media":33439,"template":"","magazine_tags":[1131,1128,1129,1130,1127],"class_list":["post-38151","articles","type-articles","status-publish","has-post-thumbnail","hentry","magazine_category-informes-internacionales","issue-numero-61","magazine_tags-daphne-caruana-galizia-prize-for-journalism","magazine_tags-european-union","magazine_tags-human-trafficking","magazine_tags-lost-in-europe","magazine_tags-missing-children-europe"],"meta_box":{"articles_subhead":"","articles_primary_category":[]},"publishpress_future_workflow_manual_trigger":{"enabledWorkflows":[]},"_links":{"self":[{"href":"https:\/\/amberadvocate.org\/es\/wp-json\/wp\/v2\/articles\/38151","targetHints":{"allow":["GET"]}}],"collection":[{"href":"https:\/\/amberadvocate.org\/es\/wp-json\/wp\/v2\/articles"}],"about":[{"href":"https:\/\/amberadvocate.org\/es\/wp-json\/wp\/v2\/types\/articles"}],"wp:featuredmedia":[{"embeddable":true,"href":"https:\/\/amberadvocate.org\/es\/wp-json\/wp\/v2\/media\/33439"}],"wp:attachment":[{"href":"https:\/\/amberadvocate.org\/es\/wp-json\/wp\/v2\/media?parent=38151"}],"wp:term":[{"taxonomy":"magazine_tags","embeddable":true,"href":"https:\/\/amberadvocate.org\/es\/wp-json\/wp\/v2\/magazine_tags?post=38151"}],"curies":[{"name":"wp","href":"https:\/\/api.w.org\/{rel}","templated":true}]}}