{"id":38150,"date":"2025-02-03T12:49:13","date_gmt":"2025-02-03T18:49:13","guid":{"rendered":"https:\/\/amberadvocate.org\/back-issues\/central-de-comunicaciones\/"},"modified":"2026-02-13T13:55:58","modified_gmt":"2026-02-13T19:55:58","slug":"central-de-comunicaciones","status":"publish","type":"articles","link":"https:\/\/amberadvocate.org\/es\/?articles=central-de-comunicaciones","title":{"rendered":"Central de comunicaciones"},"content":{"rendered":"<div id=\"pl-38150\"  class=\"panel-layout\" ><div id=\"pg-38150-0\"  class=\"panel-grid panel-no-style\" ><div id=\"pgc-38150-0-0\"  class=\"panel-grid-cell\" ><div id=\"panel-38150-0-0-0\" class=\"so-panel widget widget_sow-editor panel-first-child panel-last-child\" data-index=\"0\" ><div\n\t\t\t\n\t\t\tclass=\"so-widget-sow-editor so-widget-sow-editor-base\"\n\t\t\t\n\t\t>\n<div class=\"siteorigin-widget-tinymce textwidget\">\n\t<p><em>Por Jody Garlock<\/em><\/p>\n<p>El famoso consejo de Fred Rogers de \u201cbuscar a los que ayudan\u201d, destinado a guiar a los ni\u00f1os hacia la seguridad en tiempos de caos o tragedia, ha perdurado durante d\u00e9cadas. Y Morrissa Ahl-Moyer sin duda entra en la categor\u00eda de persona que ayuda. Sus m\u00e1s de 20 a\u00f1os en la seguridad p\u00fablica la llevaron de ser una voluntaria de primera intervenci\u00f3n a operadora de emergencias 911 y, ahora, directora y jefa del centro de intercambio de informaci\u00f3n del Centro de Personas Desaparecidas de Carolina del Norte (<a href=\"https:\/\/nccmp.ncdps.gov\/\" target=\"_blank\" rel=\"noopener\">NCCMP<\/a>), una divisi\u00f3n del Departamento de Seguridad P\u00fablica del estado con sede en Cary. El NCCMP recibe m\u00e1s de 10.000 informes de personas desaparecidas al a\u00f1o.   <\/p>\n<p>\u201cSiempre he sido una persona que ayuda, en cierto modo, con mis opciones profesionales\u201d, dice Ahl-Moyer, cuyo trabajo incluye ser coordinadora de alertas AMBER (AAC) de Carolina del Norte. \u201cPara m\u00ed ahora, se trata de asegurarme de que los agentes y los operadores tengan lo que necesitan\u201d. <\/p>\n<p>Desde que asumi\u00f3 su cargo en junio de 2023, Ahl-Moyer ha intensificado la formaci\u00f3n del NCCMP, incluso trabajando con las autoridades policiales para garantizar que comprendan el proceso de alerta AMBER del estado y el portal en l\u00ednea.<\/p>\n<p>Su labor de divulgaci\u00f3n durante su primer a\u00f1o en el puesto incluy\u00f3 la organizaci\u00f3n de una clase de recursos para personas desaparecidas en su ciudad natal de Dunn, Carolina del Norte, donde comenz\u00f3 como t\u00e9cnica de emergencias m\u00e9dicas. Para su sorpresa, m\u00e1s de 200 agentes y personal de seguridad p\u00fablica se presentaron al evento. <\/p>\n<p><span style=\"color: #333399;\"><strong>\u201cConfirm\u00f3 que iba por el camino correcto\u201d, dice Ahl-Moyer. \u201cEs la formaci\u00f3n que necesitamos, y tenemos que hacer m\u00e1s\u201d. <\/strong><\/span><\/p>\n<p class=\"BodyText1\">Ese es un mensaje que defiende tanto si est\u00e1 formando a las fuerzas del orden como si participa o asiste a conferencias estatales y nacionales.<\/p>\n<p class=\"BodyText1\">Nos pusimos al d\u00eda con Ahl-Moyer cuando estaba en otra forma de modo de ayuda: trabajando voluntariamente en turnos de noche en un centro de comunicaciones para aligerar la carga de los operadores de emergencias 911 que atend\u00edan llamadas despu\u00e9s de la destrucci\u00f3n del hurac\u00e1n Helene en el oeste de Carolina del Norte.<\/p>\n<\/div>\n<\/div><\/div><\/div><div id=\"pgc-38150-0-1\"  class=\"panel-grid-cell\" ><div id=\"panel-38150-0-1-0\" class=\"so-panel widget widget_sow-image panel-first-child\" data-index=\"1\" ><div\n\t\t\t\n\t\t\tclass=\"so-widget-sow-image so-widget-sow-image-default-e4c2d9f6c920-38150\"\n\t\t\t\n\t\t>\n<div class=\"sow-image-container\">\n\t\t<img \n\tsrc=\"https:\/\/amberadvocate.org\/wp-content\/uploads\/2025\/02\/Morrissa-headshot-copy.png\" width=\"2560\" height=\"2567\" srcset=\"https:\/\/amberadvocate.org\/wp-content\/uploads\/2025\/02\/Morrissa-headshot-copy.png 2560w, https:\/\/amberadvocate.org\/wp-content\/uploads\/2025\/02\/Morrissa-headshot-copy-300x300.png 300w, https:\/\/amberadvocate.org\/wp-content\/uploads\/2025\/02\/Morrissa-headshot-copy-1021x1024.png 1021w, https:\/\/amberadvocate.org\/wp-content\/uploads\/2025\/02\/Morrissa-headshot-copy-150x150.png 150w, https:\/\/amberadvocate.org\/wp-content\/uploads\/2025\/02\/Morrissa-headshot-copy-768x770.png 768w, https:\/\/amberadvocate.org\/wp-content\/uploads\/2025\/02\/Morrissa-headshot-copy-1532x1536.png 1532w, https:\/\/amberadvocate.org\/wp-content\/uploads\/2025\/02\/Morrissa-headshot-copy-2042x2048.png 2042w\" sizes=\"(max-width: 2560px) 100vw, 2560px\" title=\"Morrissa headshot copy\" alt=\"Photo of Morrissa Ahl-Moyer, Director\/Clearinghouse Manager for the NC Center for Missing Persons\" \t\tclass=\"so-widget-image\"\/>\n\t<\/div>\n\n<\/div><\/div><div id=\"panel-38150-0-1-1\" class=\"so-panel widget widget_aa-quote-widget panel-last-child\" data-index=\"2\" ><div\n\t\t\t\n\t\t\tclass=\"so-widget-aa-quote-widget so-widget-aa-quote-widget-default-d75171398898-38150\"\n\t\t\t\n\t\t>\n<div id=\"aa_quote_widget_69f2649e0566e\" class=\"aa-quote-widget-container aa-quote-widget-container-vertical\">\n    <div class=\"aa-quote-content\">\n        <img decoding=\"async\" class=\"icon\" src=\"https:\/\/amberadvocate.org\/wp-content\/plugins\/amber-advocate-2024-so-widgets\/amber-advocate-2024-so-widgets-bundle\/aa-quote-widget\/tpl\/..\/assets\/quote.png\" alt=\"Quote icon\" \/>        <div class=\"aa-quote-text\"><p>Telecommunicators tend to be overlooked in the [AMBER Alert] decision-making process, but they can be the best source of information. They\u2019re truly the \u2018first\u2019 first responders\u2014the ones who get the initial call when a child goes missing. And often they have the knowledge to say, \u2018Hey this might fit the criteria for an AMBER Alert.\u2019<\/p>\n<\/div>\n        <div class=\"aa-quote-author\">\n            Morrissa Ahl-Moyer            <span class=\"aa-quote-author-title\">Director\/Clearinghouse Manager,\nNorth Carolina Center for Missing Persons<\/span>\n        <\/div>\n    <\/div>\n    <\/div><\/div><\/div><\/div><\/div><div id=\"pg-38150-1\"  class=\"panel-grid panel-no-style\" ><div id=\"pgc-38150-1-0\"  class=\"panel-grid-cell\" ><div id=\"panel-38150-1-0-0\" class=\"so-panel widget widget_sow-image panel-first-child panel-last-child\" data-index=\"3\" ><div\n\t\t\t\n\t\t\tclass=\"so-widget-sow-image so-widget-sow-image-default-f5ba15ea85a9-38150\"\n\t\t\t\n\t\t>\n<div class=\"sow-image-container\">\n\t\t<img \n\tsrc=\"https:\/\/amberadvocate.org\/wp-content\/uploads\/2025\/02\/Morrissa_2024-AMBER-class.png\" width=\"1800\" height=\"2012\" srcset=\"https:\/\/amberadvocate.org\/wp-content\/uploads\/2025\/02\/Morrissa_2024-AMBER-class.png 1800w, https:\/\/amberadvocate.org\/wp-content\/uploads\/2025\/02\/Morrissa_2024-AMBER-class-268x300.png 268w, https:\/\/amberadvocate.org\/wp-content\/uploads\/2025\/02\/Morrissa_2024-AMBER-class-916x1024.png 916w, https:\/\/amberadvocate.org\/wp-content\/uploads\/2025\/02\/Morrissa_2024-AMBER-class-768x858.png 768w, https:\/\/amberadvocate.org\/wp-content\/uploads\/2025\/02\/Morrissa_2024-AMBER-class-1374x1536.png 1374w\" sizes=\"(max-width: 1800px) 100vw, 1800px\" title=\"Morrissa Ahl-Moyer utiliza un diagrama de flujo durante una sesi\u00f3n de formaci\u00f3n para ayudar a los participantes a visualizar los pasos para activar una alerta AMBER: \u201cLes digo que la parte de la izquierda es de lo que tienen que preocuparse, y yo me encargo de todo lo dem\u00e1s\u201d.\" alt=\"Morrissa Ahl-Moyer uses a flow chart during a training session to show the steps in activating an AMBER Alert. \u201cI tell them the part on the left is what they need to worry about, and I handle everything else,\u201d she says.\" \t\tclass=\"so-widget-image\"\/>\n\t<\/div>\n\n<h3 class=\"widget-title\">Morrissa Ahl-Moyer utiliza un diagrama de flujo durante una sesi\u00f3n de formaci\u00f3n para ayudar a los participantes a visualizar los pasos para activar una alerta AMBER: \u201cLes digo que la parte de la izquierda es de lo que tienen que preocuparse, y yo me encargo de todo lo dem\u00e1s\u201d.<\/h3><\/div><\/div><\/div><div id=\"pgc-38150-1-1\"  class=\"panel-grid-cell\" ><div id=\"panel-38150-1-1-0\" class=\"so-panel widget widget_sow-editor panel-first-child panel-last-child\" data-index=\"4\" ><div\n\t\t\t\n\t\t\tclass=\"so-widget-sow-editor so-widget-sow-editor-base\"\n\t\t\t\n\t\t>\n<div class=\"siteorigin-widget-tinymce textwidget\">\n\t<p class=\"BodyText1\"><span style=\"color: #993300;\"><b>\u00bfC\u00f3mo influye su experiencia como operadora de emergencias 911 en su trabajo como coordinadora de alertas AMBER (ACC)?<\/b><\/span><br \/>Como operadora que respond\u00eda a las llamadas fuera de horario para el NCCMP, ten\u00eda un conocimiento b\u00e1sico de c\u00f3mo funcionaba el proceso de alerta, los criterios y la informaci\u00f3n necesaria antes de que nos pusi\u00e9ramos en contacto con el coordinador de alertas AMBER para su aprobaci\u00f3n. Tambi\u00e9n reconoc\u00ed una laguna de conocimiento. La mayor\u00eda de los organismos nunca hab\u00edan solicitado una alerta AMBER antes y no estaban seguros del proceso. Esto se agrav\u00f3 a\u00fan m\u00e1s cuando hubo una transici\u00f3n del env\u00edo de formularios por fax a un portal en l\u00ednea. He estado trabajando para asegurar que todo el mundo sepa c\u00f3mo funciona el proceso.    <\/p>\n<p class=\"BodyText1\"><b><span style=\"color: #993300;\">\u00bfC\u00f3mo ayuda a la gente a entender las alertas AMBER y otros avisos de personas desaparecidas en peligro?<\/span><br \/><\/b>La formaci\u00f3n lo es todo. Es vital en nuestra l\u00ednea de trabajo. Por eso he realizado sesiones en simposios, en la Conferencia 911 del estado, en agencias policiales locales, en centros de comunicaci\u00f3n y mucho m\u00e1s. Hacerlo permite que la informaci\u00f3n importante llegue a quienes m\u00e1s la necesitan. Repaso los criterios b\u00e1sicos para emitir una alerta AMBER y les doy una visi\u00f3n general del proceso. M\u00e1s all\u00e1 de discutir lo esencial, salir y conocer gente me da la oportunidad de decir: \u201cAqu\u00ed est\u00e1 mi n\u00famero de tel\u00e9fono m\u00f3vil. Incluso si cree que un caso no cumple nuestros criterios de alerta AMBER, hablemos de ello\u201d.     <\/p>\n<p><span style=\"color: #993300;\"><b>Despu\u00e9s de la transici\u00f3n del 911 a la ACC, \u00bfexperiment\u00f3 alg\u00fan desaf\u00edo?<\/b><\/span><br \/>Entender el lado t\u00e9cnico de IPAWS [Sistema Integrado de Alerta P\u00fablica y Advertencia] fue un obst\u00e1culo inicial. Afortunadamente, uno de los miembros del equipo de guardia es un gur\u00fa y me ha ayudado a aprender m\u00e1s sobre ello. En mi puesto anterior, solo hac\u00edamos el EAS [Sistema de Alerta de Emergencia], y hab\u00edamos terminado. Ahora me he dado cuenta de que es mucho m\u00e1s profundo que eso. Todav\u00eda estoy aprendiendo todo.    <\/p>\n<\/div>\n<\/div><\/div><\/div><\/div><div id=\"pg-38150-2\"  class=\"panel-grid panel-no-style\" ><div id=\"pgc-38150-2-0\"  class=\"panel-grid-cell\" ><div id=\"panel-38150-2-0-0\" class=\"so-panel widget widget_sow-editor panel-first-child panel-last-child\" data-index=\"5\" ><div\n\t\t\t\n\t\t\tclass=\"so-widget-sow-editor so-widget-sow-editor-base\"\n\t\t\t\n\t\t>\n<div class=\"siteorigin-widget-tinymce textwidget\">\n\t<p class=\"BodyText1\"><span style=\"color: #993300;\"><b>\u00bfQu\u00e9 hay de nuevo en el NCCMP en t\u00e9rminos de proyectos en los que est\u00e1 trabajando?<\/b><\/span><br \/>Un proyecto es que estamos en la fase de construcci\u00f3n de un repositorio de ni\u00f1os desaparecidos. Se actualizar\u00e1 semanalmente a partir de los archivos del NCIC [Centro Nacional de Informaci\u00f3n sobre Delitos], pero tambi\u00e9n me da la opci\u00f3n de introducir datos manualmente en tiempo real. Si un ni\u00f1o desaparecido no cumple los criterios de alerta AMBER, puedo dar la voz de alarma y se enviar\u00e1 una notificaci\u00f3n a los medios de comunicaci\u00f3n. Aumentar\u00e1 la concienciaci\u00f3n cuando cada minuto cuente. Es la primera vez que se hace en nuestro estado, y estoy entusiasmada con ello.    <\/p>\n<p class=\"BodyText1\"><span style=\"color: #993300;\"><b>\u00bfQu\u00e9 problemas relacionados con los ni\u00f1os desaparecidos le preocupan m\u00e1s?<\/b><\/span><br \/>La trata de personas es un problema importante. Realmente estaba ciega a ello antes de asumir este papel. Da miedo ver lo f\u00e1cil que puede ser acabar en problemas, especialmente cuando hay tantos j\u00f3venes en riesgo en todo el pa\u00eds. El enga\u00f1o en l\u00ednea es otra preocupaci\u00f3n creciente. Tambi\u00e9n estoy viendo que las mujeres minoritarias de 15 a\u00f1os son denunciadas como desaparecidas m\u00e1s que cualquier otro grupo demogr\u00e1fico, lo que necesita m\u00e1s de nuestra investigaci\u00f3n y comprensi\u00f3n.    <\/p>\n<\/div>\n<\/div><\/div><\/div><div id=\"pgc-38150-2-1\"  class=\"panel-grid-cell\" ><div id=\"panel-38150-2-1-0\" class=\"so-panel widget widget_aa-quote-widget panel-first-child panel-last-child\" data-index=\"6\" ><div\n\t\t\t\n\t\t\tclass=\"so-widget-aa-quote-widget so-widget-aa-quote-widget-default-d75171398898-38150\"\n\t\t\t\n\t\t>\n<div id=\"aa_quote_widget_69f2649e06679\" class=\"aa-quote-widget-container aa-quote-widget-container-vertical\">\n    <div class=\"aa-quote-content\">\n                <div class=\"aa-quote-text\"><p class=\"p1\"><strong><img decoding=\"async\" class=\"wp-image-33483 alignnone\" src=\"https:\/\/amberadvocate.org\/wp-content\/uploads\/2025\/02\/Bright-idea-lightbulb.png\" alt=\"Illustration of lightbulb for &quot;bright idea&quot; call-out\" width=\"138\" height=\"121\" srcset=\"https:\/\/amberadvocate.org\/wp-content\/uploads\/2025\/02\/Bright-idea-lightbulb.png 669w, https:\/\/amberadvocate.org\/wp-content\/uploads\/2025\/02\/Bright-idea-lightbulb-300x265.png 300w\" sizes=\"(max-width: 138px) 100vw, 138px\" \/><\/strong><\/p>\n<p class=\"p1\" style=\"text-align: left\"><strong>Bright idea: <\/strong>A training <a href=\"https:\/\/nccmp.ncdps.gov\/Alerts\/Request\/2\" target=\"_blank\" rel=\"noopener\">test page<\/a> <span class=\"s1\">is <\/span>available on the NCCMP website. An agency can \u201cfake enter\u201d an AMBER Alert without actually activating it as a way to become familiar with the intake process.<\/p>\n<\/div>\n        <div class=\"aa-quote-author\">\n                        <span class=\"aa-quote-author-title\"><\/span>\n        <\/div>\n    <\/div>\n    <\/div><\/div><\/div><\/div><\/div><div id=\"pg-38150-3\"  class=\"panel-grid panel-no-style\" ><div id=\"pgc-38150-3-0\"  class=\"panel-grid-cell\" ><div id=\"panel-38150-3-0-0\" class=\"so-panel widget widget_sow-editor panel-first-child panel-last-child\" data-index=\"7\" ><div class=\"panel-widget-style panel-widget-style-for-38150-3-0-0\" ><div\n\t\t\t\n\t\t\tclass=\"so-widget-sow-editor so-widget-sow-editor-base\"\n\t\t\t\n\t\t>\n<div class=\"siteorigin-widget-tinymce textwidget\">\n\t<h2><span style=\"color: #333399;\">Llamando a todos los operadores de emergencias 911<\/span><\/h2>\n<p><img decoding=\"async\" class=\"wp-image-40299 size-medium alignright\" src=\"https:\/\/amberadvocate.org\/wp-content\/uploads\/2026\/02\/911-Telecommunicator-LOIL-300x198.png\" alt=\"Operador del 911 trabajando en un ordenador con 8 pantallas de informaci\u00f3n\" width=\"300\" height=\"198\" srcset=\"https:\/\/amberadvocate.org\/wp-content\/uploads\/2026\/02\/911-Telecommunicator-LOIL-300x198.png 300w, https:\/\/amberadvocate.org\/wp-content\/uploads\/2026\/02\/911-Telecommunicator-LOIL-768x508.png 768w, https:\/\/amberadvocate.org\/wp-content\/uploads\/2026\/02\/911-Telecommunicator-LOIL.png 900w\" sizes=\"(max-width: 300px) 100vw, 300px\" \/>El curso de AATTAP, <strong>Operadores de emergencias 911 y ni\u00f1os desaparecidos y secuestrados<\/strong> (\u201c911 T-MAC\u201d, para abreviar) es esencial no solo para los operadores de emergencias de las fuerzas del orden y la seguridad p\u00fablica, sino tambi\u00e9n para cualquier miembro de las fuerzas del orden y el personal de apoyo que atienda las llamadas de ayuda del p\u00fablico.<\/p>\n<p>La sesi\u00f3n de formaci\u00f3n interactiva dota a los operadores de emergencias 911 de las habilidades y los recursos necesarios mediante:<\/p>\n<ul>\n<li>El an\u00e1lisis de casos reales para reconocer varios tipos de incidentes de ni\u00f1os desaparecidos y c\u00f3mo se denuncian.<\/li>\n<li>La exploraci\u00f3n de pr\u00e1cticas \u00f3ptimas utilizando sistemas y normas del Centro Nacional de Informaci\u00f3n sobre Delitos (NCIC) y la Asociaci\u00f3n de Funcionarios de Comunicaciones de Seguridad P\u00fablica (APCO ANS 1.101.4-2022).<\/li>\n<li>El abordaje de estrategias de fomento de la resiliencia para hacer frente a casos emocionalmente exigentes.<\/li>\n<\/ul>\n<p>El curso representa una actualizaci\u00f3n completa de la clase \u201cMejores pr\u00e1cticas de telecomunicaciones para ni\u00f1os desaparecidos y secuestrados\u201d (TELMAC) de AATTAP, que se lanz\u00f3 en 2010 como una oferta tanto en el aula como en una clase en l\u00ednea a su propio ritmo.<\/p>\n<p>La clase 911 T-MAC se lanz\u00f3 el pasado oto\u00f1o en Appleton, Wisconsin, donde m\u00e1s de 60 operadores de emergencias de todo el pa\u00eds asistieron a la sesi\u00f3n de formaci\u00f3n piloto.<\/p>\n<p>\u201cLa cantidad de informaci\u00f3n presentada durante la clase fue perfecta\u201d, dijo un participante. \u201cTodo se present\u00f3 de una manera que no era abrumadora, sino atractiva y f\u00e1cil de entender\u201d. <\/p>\n<p>La clase se ofrecer\u00e1 en persona y en l\u00ednea a partir de esta primavera. Est\u00e9 atento a las oportunidades de formaci\u00f3n en <a href=\"https:\/\/ncjtc.fvtc.edu\/trainings\/TR02579542\/911-telecommunicators-and-missing-abducted-children\"><strong>bit.ly\/911tmac<\/strong><\/a>. <\/p>\n<p>&nbsp;<\/p>\n<\/div>\n<\/div><\/div><\/div><\/div><\/div><\/div>","protected":false},"excerpt":{"rendered":"<p>El trabajo de la coordinadora de alertas AMBER de Carolina del Norte, Morrissa Ahl-Moyer, como operadora de emergencias 911, la inspira a ayudar a las fuerzas del orden a trabajar de forma fluida y exitosa cuando un ni\u00f1o desaparece.<\/p>\n","protected":false},"featured_media":33481,"template":"","magazine_tags":[1050,1181,1129,1175,1179,957,1177,1178,1173,1174,1180,1172,1182,1176],"class_list":["post-38150","articles","type-articles","status-publish","has-post-thumbnail","hentry","magazine_category-spanish-amber-alert-in-action","magazine_category-spanish-faces-of-the-amber-network","magazine_category-spanish-home-page","issue-numero-61","magazine_tags-1050","magazine_tags-association-of-public-safety-communications-officials","magazine_tags-human-trafficking","magazine_tags-hurricane-helene","magazine_tags-intake-process","magazine_tags-morrissa-ahl-moyer","magazine_tags-national-crime-information-center","magazine_tags-ncic","magazine_tags-north-carolina-center-for-missing-persons","magazine_tags-north-carolina-department-of-public-safety","magazine_tags-t-mac","magazine_tags-telecommunicators","magazine_tags-telmac","magazine_tags-training"],"meta_box":{"articles_subhead":"","articles_primary_category":[]},"publishpress_future_workflow_manual_trigger":{"enabledWorkflows":[]},"_links":{"self":[{"href":"https:\/\/amberadvocate.org\/es\/wp-json\/wp\/v2\/articles\/38150","targetHints":{"allow":["GET"]}}],"collection":[{"href":"https:\/\/amberadvocate.org\/es\/wp-json\/wp\/v2\/articles"}],"about":[{"href":"https:\/\/amberadvocate.org\/es\/wp-json\/wp\/v2\/types\/articles"}],"wp:featuredmedia":[{"embeddable":true,"href":"https:\/\/amberadvocate.org\/es\/wp-json\/wp\/v2\/media\/33481"}],"wp:attachment":[{"href":"https:\/\/amberadvocate.org\/es\/wp-json\/wp\/v2\/media?parent=38150"}],"wp:term":[{"taxonomy":"magazine_tags","embeddable":true,"href":"https:\/\/amberadvocate.org\/es\/wp-json\/wp\/v2\/magazine_tags?post=38150"}],"curies":[{"name":"wp","href":"https:\/\/api.w.org\/{rel}","templated":true}]}}