{"id":38132,"date":"2024-11-21T08:53:23","date_gmt":"2024-11-21T14:53:23","guid":{"rendered":"https:\/\/amberadvocate.org\/back-issues\/cart-on-camera-en-el-condado-de-burlington-nueva-jersey\/"},"modified":"2025-11-01T14:39:15","modified_gmt":"2025-11-01T19:39:15","slug":"cart-on-camera-en-el-condado-de-burlington-nueva-jersey","status":"publish","type":"articles","link":"https:\/\/amberadvocate.org\/es\/?articles=cart-on-camera-en-el-condado-de-burlington-nueva-jersey","title":{"rendered":"CART on Camera en el condado de Burlington, Nueva Jersey"},"content":{"rendered":"<div id=\"pl-38132\"  class=\"panel-layout\" ><div id=\"pg-38132-0\"  class=\"panel-grid panel-no-style\" ><div id=\"pgc-38132-0-0\"  class=\"panel-grid-cell\" ><div id=\"panel-38132-0-0-0\" class=\"so-panel widget widget_sow-editor panel-first-child panel-last-child\" data-index=\"0\" ><div\n\t\t\t\n\t\t\tclass=\"so-widget-sow-editor so-widget-sow-editor-base\"\n\t\t\t\n\t\t><h3 class=\"widget-title\">CART on Camera: Condado de Burlington, Nueva Jersey<\/h3>\n<div class=\"siteorigin-widget-tinymce textwidget\">\n\t<div class=\"xdj266r x11i5rnm xat24cr x1mh8g0r x1vvkbs x126k92a\">\n<div dir=\"auto\">\n<div  id=\"jtg-32211\" class=\"modula modula-gallery modula-creative-gallery\" data-config=\"{&quot;height&quot;:800,&quot;tabletHeight&quot;:800,&quot;mobileHeight&quot;:800,&quot;desktopHeight&quot;:800,&quot;enableTwitter&quot;:false,&quot;enableWhatsapp&quot;:false,&quot;enableFacebook&quot;:false,&quot;enablePinterest&quot;:false,&quot;enableLinkedin&quot;:false,&quot;enableEmail&quot;:false,&quot;randomFactor&quot;:0.5,&quot;type&quot;:&quot;creative-gallery&quot;,&quot;columns&quot;:12,&quot;gutter&quot;:10,&quot;mobileGutter&quot;:10,&quot;tabletGutter&quot;:10,&quot;desktopGutter&quot;:10,&quot;enableResponsive&quot;:&quot;0&quot;,&quot;tabletColumns&quot;:2,&quot;mobileColumns&quot;:1,&quot;lazyLoad&quot;:0,&quot;lightboxOpts&quot;:{&quot;animated&quot;:true,&quot;Thumbs&quot;:{&quot;type&quot;:&quot;modern&quot;,&quot;showOnStart&quot;:false},&quot;Toolbar&quot;:{&quot;display&quot;:{&quot;right&quot;:[&quot;close&quot;]},&quot;enabled&quot;:true},&quot;Carousel&quot;:{&quot;Panzoom&quot;:{&quot;touch&quot;:true},&quot;infinite&quot;:false},&quot;keyboard&quot;:{&quot;Escape&quot;:&quot;close&quot;,&quot;Delete&quot;:&quot;close&quot;,&quot;Backspace&quot;:&quot;close&quot;,&quot;PageUp&quot;:false,&quot;PageDown&quot;:false,&quot;ArrowUp&quot;:false,&quot;ArrowDown&quot;:false,&quot;ArrowRight&quot;:false,&quot;ArrowLeft&quot;:false},&quot;touch&quot;:false,&quot;backdropClick&quot;:false,&quot;l10n&quot;:{&quot;CLOSE&quot;:&quot;Close&quot;,&quot;NEXT&quot;:&quot;Next&quot;,&quot;PREV&quot;:&quot;Previous&quot;,&quot;Error&quot;:&quot;The requested content cannot be loaded. Please try again later.&quot;,&quot;PLAY_START&quot;:&quot;Start slideshow&quot;,&quot;PLAY_STOP&quot;:&quot;Pause slideshow&quot;,&quot;FULL_SCREEN&quot;:&quot;Full screen&quot;,&quot;THUMBS&quot;:&quot;Thumbnails&quot;,&quot;DOWNLOAD&quot;:&quot;Download&quot;,&quot;SHARE&quot;:&quot;Share&quot;,&quot;ZOOM&quot;:&quot;Zoom&quot;,&quot;EMAIL&quot;:&quot;Here is the link to the image : %%image_link%% and this is the link to the gallery : %%gallery_link%%&quot;,&quot;MODAL&quot;:&quot;You can close this modal content with the ESC key&quot;,&quot;ERROR&quot;:&quot;Something Went Wrong, Please Try Again Later&quot;,&quot;IMAGE_ERROR&quot;:&quot;Image Not Found&quot;,&quot;ELEMENT_NOT_FOUND&quot;:&quot;HTML Element Not Found&quot;,&quot;AJAX_NOT_FOUND&quot;:&quot;Error Loading AJAX : Not Found&quot;,&quot;AJAX_FORBIDDEN&quot;:&quot;Error Loading AJAX : Forbidden&quot;,&quot;IFRAME_ERROR&quot;:&quot;Error Loading Page&quot;,&quot;TOGGLE_ZOOM&quot;:&quot;Toggle zoom level&quot;,&quot;TOGGLE_THUMBS&quot;:&quot;Toggle thumbnails&quot;,&quot;TOGGLE_SLIDESHOW&quot;:&quot;Toggle slideshow&quot;,&quot;TOGGLE_FULLSCREEN&quot;:&quot;Toggle full-screen mode&quot;},&quot;Images&quot;:{&quot;Panzoom&quot;:{&quot;maxScale&quot;:2}},&quot;mainClass&quot;:&quot;modula-fancybox-container modula-lightbox-jtg-32211&quot;,&quot;Html&quot;:{&quot;videoAutoplay&quot;:0,&quot;videoTpl&quot;:&quot;&lt;video class=\\&quot;fancybox__html5video\\&quot; controls muted playsinline controlsList controlsList=\\&quot;nodownload\\&quot; poster=\\&quot;{{poster}}\\&quot; src=\\&quot;{{src}}\\&quot; type=\\&quot;{{format}}\\&quot; &gt;  Sorry, your browser doesn&#039;t support embedded videos, &lt;a href=\\&quot;{{src}}\\&quot;&gt; download &lt;\\\/a&gt; and watch with your favorite video player! &lt;\\\/video&gt;&quot;}},&quot;inView&quot;:false,&quot;email_subject&quot;:&quot;Check out this awesome image !!&quot;,&quot;email_message&quot;:&quot;Here is the link to the image : %%image_link%% and this is the link to the gallery : %%gallery_link%%&quot;,&quot;lightbox&quot;:&quot;fancybox&quot;}\">\n\n\t\n\t<div  class=\"modula-items\">\n\t\t<div class=\"modula-item effect-pufrobo\" >\n\t<div class=\"modula-item-overlay\"><\/div>\n\n\t<div class=\"modula-item-content\">\n\n\t\t<a data-image-id=\"32199\" role=\"button\" tabindex=\"0\" rel=\"jtg-32211\" data-caption=\"\" aria-label=\"Open image in lightbox\" class=\"tile-inner modula-item-link\"><\/a><img decoding=\"async\" class=\"pic wp-image-32199\"  data-valign=\"middle\" data-halign=\"center\" alt=\"Medford Township, New Jersey, Police Chief Arthur Waterman discussing CART training\/certification in Burlington County\" data-full=\"https:\/\/amberadvocate.org\/wp-content\/uploads\/2024\/11\/1.-Waterman-quote.png\" title=\"1. Waterman quote\" crop=\"\" width=\"300\" height=\"181\" src=\"https:\/\/amberadvocate.org\/wp-content\/uploads\/2024\/11\/1.-Waterman-quote-300x181.png\" data-src=\"https:\/\/amberadvocate.org\/wp-content\/uploads\/2024\/11\/1.-Waterman-quote-300x181.png\" data-caption=\"\" srcset=\"https:\/\/amberadvocate.org\/wp-content\/uploads\/2024\/11\/1.-Waterman-quote.png 1847w, https:\/\/amberadvocate.org\/wp-content\/uploads\/2024\/11\/1.-Waterman-quote-300x181.png 300w, https:\/\/amberadvocate.org\/wp-content\/uploads\/2024\/11\/1.-Waterman-quote-1024x619.png 1024w, https:\/\/amberadvocate.org\/wp-content\/uploads\/2024\/11\/1.-Waterman-quote-768x464.png 768w, https:\/\/amberadvocate.org\/wp-content\/uploads\/2024\/11\/1.-Waterman-quote-1536x928.png 1536w\" sizes=\"(max-width: 300px) 100vw, 300px\" \/>\n\t\t<div class=\"figc no-description\">\n\t\t\t<div class=\"figc-inner\">\n\t\t\t\t\t\t\t\t\t\t\t\t\t\t\t<\/div>\n\t\t<\/div>\n\n\t<\/div>\n\n<\/div><div class=\"modula-item effect-pufrobo\" >\n\t<div class=\"modula-item-overlay\"><\/div>\n\n\t<div class=\"modula-item-content\">\n\n\t\t<a data-image-id=\"32201\" role=\"button\" tabindex=\"0\" rel=\"jtg-32211\" data-caption=\"\" aria-label=\"Open image in lightbox\" class=\"tile-inner modula-item-link\"><\/a><img decoding=\"async\" class=\"pic wp-image-32201\"  data-valign=\"middle\" data-halign=\"center\" alt=\"Burlington County, New Jersey, CART certification preparation\" data-full=\"https:\/\/amberadvocate.org\/wp-content\/uploads\/2024\/11\/2.-Burlington-CART.png\" title=\"2. Burlington CART\" crop=\"\" width=\"300\" height=\"177\" src=\"https:\/\/amberadvocate.org\/wp-content\/uploads\/2024\/11\/2.-Burlington-CART-300x177.png\" data-src=\"https:\/\/amberadvocate.org\/wp-content\/uploads\/2024\/11\/2.-Burlington-CART-300x177.png\" data-caption=\"\" srcset=\"https:\/\/amberadvocate.org\/wp-content\/uploads\/2024\/11\/2.-Burlington-CART.png 1114w, https:\/\/amberadvocate.org\/wp-content\/uploads\/2024\/11\/2.-Burlington-CART-300x177.png 300w, https:\/\/amberadvocate.org\/wp-content\/uploads\/2024\/11\/2.-Burlington-CART-1024x605.png 1024w, https:\/\/amberadvocate.org\/wp-content\/uploads\/2024\/11\/2.-Burlington-CART-768x454.png 768w\" sizes=\"(max-width: 300px) 100vw, 300px\" \/>\n\t\t<div class=\"figc no-description\">\n\t\t\t<div class=\"figc-inner\">\n\t\t\t\t\t\t\t\t\t\t\t\t\t\t\t<\/div>\n\t\t<\/div>\n\n\t<\/div>\n\n<\/div><div class=\"modula-item effect-pufrobo\" >\n\t<div class=\"modula-item-overlay\"><\/div>\n\n\t<div class=\"modula-item-content\">\n\n\t\t<a data-image-id=\"32203\" role=\"button\" tabindex=\"0\" rel=\"jtg-32211\" data-caption=\"\" aria-label=\"Open image in lightbox\" class=\"tile-inner modula-item-link\"><\/a><img decoding=\"async\" class=\"pic wp-image-32203\"  data-valign=\"middle\" data-halign=\"center\" alt=\"Burlington County, New Jersey, CART certification preparation\" data-full=\"https:\/\/amberadvocate.org\/wp-content\/uploads\/2024\/11\/3.-AATTAP-team.png\" title=\"3. AATTAP team\" crop=\"\" width=\"300\" height=\"164\" src=\"https:\/\/amberadvocate.org\/wp-content\/uploads\/2024\/11\/3.-AATTAP-team-300x164.png\" data-src=\"https:\/\/amberadvocate.org\/wp-content\/uploads\/2024\/11\/3.-AATTAP-team-300x164.png\" data-caption=\"\" srcset=\"https:\/\/amberadvocate.org\/wp-content\/uploads\/2024\/11\/3.-AATTAP-team.png 1867w, https:\/\/amberadvocate.org\/wp-content\/uploads\/2024\/11\/3.-AATTAP-team-300x164.png 300w, https:\/\/amberadvocate.org\/wp-content\/uploads\/2024\/11\/3.-AATTAP-team-1024x560.png 1024w, https:\/\/amberadvocate.org\/wp-content\/uploads\/2024\/11\/3.-AATTAP-team-768x420.png 768w, https:\/\/amberadvocate.org\/wp-content\/uploads\/2024\/11\/3.-AATTAP-team-1536x840.png 1536w\" sizes=\"(max-width: 300px) 100vw, 300px\" \/>\n\t\t<div class=\"figc no-description\">\n\t\t\t<div class=\"figc-inner\">\n\t\t\t\t\t\t\t\t\t\t\t\t\t\t\t<\/div>\n\t\t<\/div>\n\n\t<\/div>\n\n<\/div><div class=\"modula-item effect-pufrobo\" >\n\t<div class=\"modula-item-overlay\"><\/div>\n\n\t<div class=\"modula-item-content\">\n\n\t\t<a data-image-id=\"32205\" role=\"button\" tabindex=\"0\" rel=\"jtg-32211\" data-caption=\"\" aria-label=\"Open image in lightbox\" class=\"tile-inner modula-item-link\"><\/a><img decoding=\"async\" class=\"pic wp-image-32205\"  data-valign=\"middle\" data-halign=\"center\" alt=\"Burlington County, New Jersey, Prosecutor Lachia Bradshaw regarding CART certification preparation\" data-full=\"https:\/\/amberadvocate.org\/wp-content\/uploads\/2024\/11\/4.-Bradshow-quote.png\" title=\"4. Bradshow quote\" crop=\"\" width=\"300\" height=\"171\" src=\"https:\/\/amberadvocate.org\/wp-content\/uploads\/2024\/11\/4.-Bradshow-quote-300x171.png\" data-src=\"https:\/\/amberadvocate.org\/wp-content\/uploads\/2024\/11\/4.-Bradshow-quote-300x171.png\" data-caption=\"\" srcset=\"https:\/\/amberadvocate.org\/wp-content\/uploads\/2024\/11\/4.-Bradshow-quote.png 1816w, https:\/\/amberadvocate.org\/wp-content\/uploads\/2024\/11\/4.-Bradshow-quote-300x171.png 300w, https:\/\/amberadvocate.org\/wp-content\/uploads\/2024\/11\/4.-Bradshow-quote-1024x585.png 1024w, https:\/\/amberadvocate.org\/wp-content\/uploads\/2024\/11\/4.-Bradshow-quote-768x439.png 768w, https:\/\/amberadvocate.org\/wp-content\/uploads\/2024\/11\/4.-Bradshow-quote-1536x877.png 1536w\" sizes=\"(max-width: 300px) 100vw, 300px\" \/>\n\t\t<div class=\"figc no-description\">\n\t\t\t<div class=\"figc-inner\">\n\t\t\t\t\t\t\t\t\t\t\t\t\t\t\t<\/div>\n\t\t<\/div>\n\n\t<\/div>\n\n<\/div><div class=\"modula-item effect-pufrobo\" >\n\t<div class=\"modula-item-overlay\"><\/div>\n\n\t<div class=\"modula-item-content\">\n\n\t\t<a data-image-id=\"32207\" role=\"button\" tabindex=\"0\" rel=\"jtg-32211\" data-caption=\"\" aria-label=\"Open image in lightbox\" class=\"tile-inner modula-item-link\"><\/a><img decoding=\"async\" class=\"pic wp-image-32207\"  data-valign=\"middle\" data-halign=\"center\" alt=\"Burlington County, New Jersey, CART certification preparation\" data-full=\"https:\/\/amberadvocate.org\/wp-content\/uploads\/2024\/11\/5.-Burlington-CART-2.png\" title=\"5. Burlington CART 2\" crop=\"\" width=\"300\" height=\"170\" src=\"https:\/\/amberadvocate.org\/wp-content\/uploads\/2024\/11\/5.-Burlington-CART-2-300x170.png\" data-src=\"https:\/\/amberadvocate.org\/wp-content\/uploads\/2024\/11\/5.-Burlington-CART-2-300x170.png\" data-caption=\"\" srcset=\"https:\/\/amberadvocate.org\/wp-content\/uploads\/2024\/11\/5.-Burlington-CART-2.png 1781w, https:\/\/amberadvocate.org\/wp-content\/uploads\/2024\/11\/5.-Burlington-CART-2-300x170.png 300w, https:\/\/amberadvocate.org\/wp-content\/uploads\/2024\/11\/5.-Burlington-CART-2-1024x581.png 1024w, https:\/\/amberadvocate.org\/wp-content\/uploads\/2024\/11\/5.-Burlington-CART-2-768x436.png 768w, https:\/\/amberadvocate.org\/wp-content\/uploads\/2024\/11\/5.-Burlington-CART-2-1536x872.png 1536w\" sizes=\"(max-width: 300px) 100vw, 300px\" \/>\n\t\t<div class=\"figc no-description\">\n\t\t\t<div class=\"figc-inner\">\n\t\t\t\t\t\t\t\t\t\t\t\t\t\t\t<\/div>\n\t\t<\/div>\n\n\t<\/div>\n\n<\/div><div class=\"modula-item effect-pufrobo\" >\n\t<div class=\"modula-item-overlay\"><\/div>\n\n\t<div class=\"modula-item-content\">\n\n\t\t<a data-image-id=\"32209\" role=\"button\" tabindex=\"0\" rel=\"jtg-32211\" data-caption=\"\" aria-label=\"Open image in lightbox\" class=\"tile-inner modula-item-link\"><\/a><img decoding=\"async\" class=\"pic wp-image-32209\"  data-valign=\"middle\" data-halign=\"center\" alt=\"Burlington County, New Jersey, CART certification preparation\" data-full=\"https:\/\/amberadvocate.org\/wp-content\/uploads\/2024\/11\/6.-AATTAP-team-2.png\" title=\"6. AATTAP team 2\" crop=\"\" width=\"300\" height=\"232\" src=\"https:\/\/amberadvocate.org\/wp-content\/uploads\/2024\/11\/6.-AATTAP-team-2-300x232.png\" data-src=\"https:\/\/amberadvocate.org\/wp-content\/uploads\/2024\/11\/6.-AATTAP-team-2-300x232.png\" data-caption=\"\" srcset=\"https:\/\/amberadvocate.org\/wp-content\/uploads\/2024\/11\/6.-AATTAP-team-2.png 3300w, https:\/\/amberadvocate.org\/wp-content\/uploads\/2024\/11\/6.-AATTAP-team-2-300x232.png 300w, https:\/\/amberadvocate.org\/wp-content\/uploads\/2024\/11\/6.-AATTAP-team-2-1024x791.png 1024w, https:\/\/amberadvocate.org\/wp-content\/uploads\/2024\/11\/6.-AATTAP-team-2-768x593.png 768w, https:\/\/amberadvocate.org\/wp-content\/uploads\/2024\/11\/6.-AATTAP-team-2-1536x1187.png 1536w, https:\/\/amberadvocate.org\/wp-content\/uploads\/2024\/11\/6.-AATTAP-team-2-2048x1583.png 2048w\" sizes=\"(max-width: 300px) 100vw, 300px\" \/>\n\t\t<div class=\"figc no-description\">\n\t\t\t<div class=\"figc-inner\">\n\t\t\t\t\t\t\t\t\t\t\t\t\t\t\t<\/div>\n\t\t<\/div>\n\n\t<\/div>\n\n<\/div>\t\t\n\t<\/div>\n\n\t\n\t\n\t<script type=\"application\/ld+json\">\n\t{\n\t\t\"@context\": \"http:\/\/schema.org\",\n\t\t\"@type\"   : \"ImageGallery\",\n\t\t\"id\"      : \"https:\/\/amberadvocate.org\/es\/?articles=cart-on-camera-en-el-condado-de-burlington-nueva-jersey\/\",\n\t\t\"url\"     : \"https:\/\/amberadvocate.org\/es\/?articles=cart-on-camera-en-el-condado-de-burlington-nueva-jersey\/\"\n\t}\n\n\t<\/script>\n\n\t\n<\/div>\n\n<p><em>Por Denise Gee Peacock<\/em><\/p>\n<p>Los asesores del Equipo de Respuesta a la Sustracci\u00f3n de Menores (CART) de AATTAP James Holmes, Stacie Lick, Vonyale Montgomery y el asesor principal\/director del CART Derek VanLuchene (con chalecos de ne\u00f3n) pueden verse trabajando con m\u00faltiples organismos policiales del condado de Burlington, Nueva Jersey, durante un ejercicio de formaci\u00f3n a gran escala para reforzar las respuestas a los incidentes de menores desaparecidos y en peligro.<\/p>\n<p>Casi 100 miembros de las fuerzas del orden se unieron al ejercicio \"para mejorar sus conocimientos sobre c\u00f3mo tratar los casos relacionados con nuestras poblaciones m\u00e1s vulnerables\", dijo la fiscal del condado de Burlington, LaChia Bradshaw.<\/p><\/div>\n<p>\"El entrenamiento se dise\u00f1\u00f3 para que fuera el peor de los casos, con un ni\u00f1o desaparecido que padece epilepsia\", inform\u00f3 Fox 29. \"Siguiendo el protocolo, la investigaci\u00f3n aumenta gradualmente hasta una activaci\u00f3n a gran escala del CART\", en la que participan unos 30 agentes. <\/p>\n<p>Se espera que el condado de Burlington sea el quinto equipo de Nueva Jersey en recibir la certificaci\u00f3n CART del Departamento de Justicia de EEUU con la ayuda de AATTAP\/NCJTC.<\/p>\n<p>\"Se trata sin duda de una excelente experiencia educativa para todo nuestro personal\", se\u00f1al\u00f3 el Jefe de Polic\u00eda del Municipio de Medford, Arthur Waterman.<\/p>\n<p>\"Gracias a Fox 29 por informar sobre el excelente trabajo que est\u00e1 realizando el condado de Burlington para reunir a los socios con el fin de prepararse para responder a la desaparici\u00f3n y el secuestro de menores\", declar\u00f3 la administradora de AATTAP, Janell Rasmussen.<\/p>\n<p style=\"font-weight: 400;\"> <strong>&gt;&gt; \u00a1Mira la historia aqu\u00ed!<\/strong> <a href=\"https:\/\/www.fox29.com\/video\/1550356?fbclid=IwZXh0bgNhZW0CMTAAAR0sba6R61yGkwPQ9RDyhiUjtvC7kIfc4PPcGTM_PnJkohpUkM4R19fTIEI_aem_SbjpmqGCjgbtzw8D_xo6cA\">https:\/\/www.fox29.com\/video\/1550356<\/a><\/p>\n<\/div>\n<\/div>\n<\/div><\/div><\/div><\/div><\/div>","protected":false},"excerpt":{"rendered":"<p>Casi 100 miembros de las fuerzas del orden se unieron a un ejercicio de formaci\u00f3n CART a gran escala \u00abpara mejorar sus conocimientos sobre c\u00f3mo tratar los casos que afectan a nuestras poblaciones m\u00e1s vulnerables\u00bb, dijo la fiscal del condado de Burlington, LaChia Bradshaw.<\/p>\n","protected":false},"featured_media":32203,"template":"","magazine_tags":[1097,1094,1055,1054,1102,1099,1098,1096,1095,1101,1100],"class_list":["post-38132","articles","type-articles","status-publish","has-post-thumbnail","hentry","magazine_category-spanish-amber-alert-in-action","magazine_category-spanish-home-page","magazine_category-spanish-web-exclusives","magazine_tags-arthur-waterman","magazine_tags-burlington-county","magazine_tags-cart","magazine_tags-child-abduction-response-team","magazine_tags-derek-vanluchene","magazine_tags-james-holmes","magazine_tags-lachila-bradshaw","magazine_tags-medford-township","magazine_tags-new-jersey","magazine_tags-stacie-lick","magazine_tags-vonyale-montgomery"],"meta_box":{"articles_subhead":"","articles_primary_category":[]},"publishpress_future_workflow_manual_trigger":{"enabledWorkflows":[]},"_links":{"self":[{"href":"https:\/\/amberadvocate.org\/es\/wp-json\/wp\/v2\/articles\/38132","targetHints":{"allow":["GET"]}}],"collection":[{"href":"https:\/\/amberadvocate.org\/es\/wp-json\/wp\/v2\/articles"}],"about":[{"href":"https:\/\/amberadvocate.org\/es\/wp-json\/wp\/v2\/types\/articles"}],"wp:featuredmedia":[{"embeddable":true,"href":"https:\/\/amberadvocate.org\/es\/wp-json\/wp\/v2\/media\/32203"}],"wp:attachment":[{"href":"https:\/\/amberadvocate.org\/es\/wp-json\/wp\/v2\/media?parent=38132"}],"wp:term":[{"taxonomy":"magazine_tags","embeddable":true,"href":"https:\/\/amberadvocate.org\/es\/wp-json\/wp\/v2\/magazine_tags?post=38132"}],"curies":[{"name":"wp","href":"https:\/\/api.w.org\/{rel}","templated":true}]}}