{"id":38129,"date":"2025-02-03T00:23:29","date_gmt":"2025-02-03T06:23:29","guid":{"rendered":"https:\/\/amberadvocate.org\/back-issues\/cerca-de-50-jovenes-desaparecidos-localizados-en-nueva-york\/"},"modified":"2026-01-17T17:24:49","modified_gmt":"2026-01-17T23:24:49","slug":"cerca-de-50-jovenes-desaparecidos-localizados-en-nueva-york","status":"publish","type":"articles","link":"https:\/\/amberadvocate.org\/es\/?articles=cerca-de-50-jovenes-desaparecidos-localizados-en-nueva-york","title":{"rendered":"Cerca de 50 j\u00f3venes desaparecidos localizados en Nueva York"},"content":{"rendered":"<div id=\"pl-38129\"  class=\"panel-layout\" ><div id=\"pg-38129-0\"  class=\"panel-grid panel-no-style\" ><div id=\"pgc-38129-0-0\"  class=\"panel-grid-cell\" ><div id=\"panel-38129-0-0-0\" class=\"so-panel widget widget_media_image panel-first-child panel-last-child\" data-index=\"0\" ><img decoding=\"async\" width=\"300\" height=\"300\" src=\"https:\/\/amberadvocate.org\/wp-content\/uploads\/2025\/02\/1.-New-York-missing-kids-recovery-NCMEC-300x300.png\" class=\"image wp-image-33465  attachment-medium size-medium\" alt=\"Collage de ni\u00f1os desaparecidos de Nueva York\" style=\"max-width: 100%; height: auto;\" srcset=\"https:\/\/amberadvocate.org\/wp-content\/uploads\/2025\/02\/1.-New-York-missing-kids-recovery-NCMEC-300x300.png 300w, https:\/\/amberadvocate.org\/wp-content\/uploads\/2025\/02\/1.-New-York-missing-kids-recovery-NCMEC-1024x1024.png 1024w, https:\/\/amberadvocate.org\/wp-content\/uploads\/2025\/02\/1.-New-York-missing-kids-recovery-NCMEC-150x150.png 150w, https:\/\/amberadvocate.org\/wp-content\/uploads\/2025\/02\/1.-New-York-missing-kids-recovery-NCMEC-768x768.png 768w, https:\/\/amberadvocate.org\/wp-content\/uploads\/2025\/02\/1.-New-York-missing-kids-recovery-NCMEC.png 1200w\" sizes=\"(max-width: 300px) 100vw, 300px\" \/><\/div><\/div><div id=\"pgc-38129-0-1\"  class=\"panel-grid-cell\" ><div id=\"panel-38129-0-1-0\" class=\"so-panel widget widget_sow-editor panel-first-child panel-last-child\" data-index=\"1\" ><div\n\t\t\t\n\t\t\tclass=\"so-widget-sow-editor so-widget-sow-editor-base\"\n\t\t\t\n\t\t>\n<div class=\"siteorigin-widget-tinymce textwidget\">\n\t<p>Cuarenta y siete ni\u00f1os desaparecidos y en peligro de extinci\u00f3n se reunieron con sus familias en una operaci\u00f3n de <a href=\"https:\/\/www.wivb.com\/news\/local-news\/erie-county\/over-40-missing-children-found-in-erie-county-by-national-task-force-local-law-enforcement\/\" target=\"_blank\" rel=\"noopener\">rescate<\/a> sin precedentes en Nueva York. M\u00e1s de 55 expertos, entre ellos 22 organismos encargados de hacer cumplir la ley, colaboraron en la misi\u00f3n de localizar a los ni\u00f1os desaparecidos del condado de Erie que hab\u00edan sido sustra\u00eddos por padres sin custodia o que se hab\u00edan escapado. \u201cLlevo 30 a\u00f1os haciendo esto, y este ha sido el momento m\u00e1s orgulloso e impactante de mi carrera\u201d, dijo Kevin Branzetti, cofundador y director ejecutivo del National Child Protection <a href=\"https:\/\/hudsonvalleypost.com\/47-missing-new-york-kids-found-in-1st-ever-child-rescue-operation\/\" target=\"_blank\" rel=\"noopener\">Task Force<\/a>. Branzetti y Cindy Neff, gerente del Missing Persons Clearinghouse de Nueva York (y asociada de AATTAP\/NCJTC), encabezaron la iniciativa en la que las fuerzas del orden prestaron apoyo a la investigaci\u00f3n a los departamentos de polic\u00eda de Amherst y Buffalo. Los investigadores obtuvieron conocimientos valiosos y ahora tienen \u201cm\u00e1s herramientas en nuestra caja de herramientas\u201d para abordar futuros casos de ni\u00f1os desaparecidos, dijo Branzetti.<\/p>\n<\/div>\n<\/div><\/div><\/div><\/div><\/div>","protected":false},"excerpt":{"rendered":"<p>Cuarenta y siete ni\u00f1os desaparecidos y en peligro de extinci\u00f3n se reunieron con sus familias en una operaci\u00f3n de rescate sin precedentes en Nueva York. M\u00e1s de 55 expertos, entre ellos 22 organismos encargados de hacer cumplir la ley, colaboraron en la misi\u00f3n de localizar a los ni\u00f1os desaparecidos del condado de Erie que hab\u00edan [&hellip;]<\/p>\n","protected":false},"featured_media":33465,"template":"","magazine_tags":[1169,1170,1171,1087,1165,1166,1167,1164,1168,1163],"class_list":["post-38129","articles","type-articles","status-publish","has-post-thumbnail","hentry","magazine_category-informes-ee-uu","issue-numero-61","magazine_tags-aattap-ncjtc-associate","magazine_tags-amherst","magazine_tags-buffalo","magazine_tags-cindy-neff","magazine_tags-erie-county","magazine_tags-kevin-branzetti","magazine_tags-national-child-protection-task-froce","magazine_tags-new-york","magazine_tags-new-york-missing-persons-clearininghouse","magazine_tags-rescue-operation"],"meta_box":{"articles_subhead":"","articles_primary_category":[]},"publishpress_future_workflow_manual_trigger":{"enabledWorkflows":[]},"_links":{"self":[{"href":"https:\/\/amberadvocate.org\/es\/wp-json\/wp\/v2\/articles\/38129","targetHints":{"allow":["GET"]}}],"collection":[{"href":"https:\/\/amberadvocate.org\/es\/wp-json\/wp\/v2\/articles"}],"about":[{"href":"https:\/\/amberadvocate.org\/es\/wp-json\/wp\/v2\/types\/articles"}],"wp:featuredmedia":[{"embeddable":true,"href":"https:\/\/amberadvocate.org\/es\/wp-json\/wp\/v2\/media\/33465"}],"wp:attachment":[{"href":"https:\/\/amberadvocate.org\/es\/wp-json\/wp\/v2\/media?parent=38129"}],"wp:term":[{"taxonomy":"magazine_tags","embeddable":true,"href":"https:\/\/amberadvocate.org\/es\/wp-json\/wp\/v2\/magazine_tags?post=38129"}],"curies":[{"name":"wp","href":"https:\/\/api.w.org\/{rel}","templated":true}]}}