{"id":38127,"date":"2025-04-08T13:11:00","date_gmt":"2025-04-08T18:11:00","guid":{"rendered":"https:\/\/amberadvocate.org\/back-issues\/sudafrica-aumento-de-los-casos-de-ninos-desaparecidos\/"},"modified":"2026-01-17T17:14:24","modified_gmt":"2026-01-17T23:14:24","slug":"sudafrica-aumento-de-los-casos-de-ninos-desaparecidos","status":"publish","type":"articles","link":"https:\/\/amberadvocate.org\/es\/?articles=sudafrica-aumento-de-los-casos-de-ninos-desaparecidos","title":{"rendered":"Sud\u00e1frica: aumento de los casos de ni\u00f1os desaparecidos"},"content":{"rendered":"<div id=\"pl-38127\"  class=\"panel-layout\" ><div id=\"pg-38127-0\"  class=\"panel-grid panel-no-style\" ><div id=\"pgc-38127-0-0\"  class=\"panel-grid-cell\" ><div id=\"panel-38127-0-0-0\" class=\"so-panel widget widget_media_image panel-first-child panel-last-child\" data-index=\"0\" ><img decoding=\"async\" width=\"264\" height=\"300\" src=\"https:\/\/amberadvocate.org\/wp-content\/uploads\/2025\/04\/3-South-Africa-missing-full-264x300.png\" class=\"image wp-image-34557  attachment-medium size-medium\" alt=\"Fotograf\u00eda que ilustra la desaparici\u00f3n de ni\u00f1os en Sud\u00e1frica\" style=\"max-width: 100%; height: auto;\" srcset=\"https:\/\/amberadvocate.org\/wp-content\/uploads\/2025\/04\/3-South-Africa-missing-full-264x300.png 264w, https:\/\/amberadvocate.org\/wp-content\/uploads\/2025\/04\/3-South-Africa-missing-full-901x1024.png 901w, https:\/\/amberadvocate.org\/wp-content\/uploads\/2025\/04\/3-South-Africa-missing-full-768x873.png 768w, https:\/\/amberadvocate.org\/wp-content\/uploads\/2025\/04\/3-South-Africa-missing-full.png 1160w\" sizes=\"(max-width: 264px) 100vw, 264px\" \/><\/div><\/div><div id=\"pgc-38127-0-1\"  class=\"panel-grid-cell\" ><div id=\"panel-38127-0-1-0\" class=\"so-panel widget widget_sow-editor panel-first-child panel-last-child\" data-index=\"1\" ><div\n\t\t\t\n\t\t\tclass=\"so-widget-sow-editor so-widget-sow-editor-base\"\n\t\t\t\n\t\t>\n<div class=\"siteorigin-widget-tinymce textwidget\">\n\t<p style=\"font-weight: 400;\">En los \u00faltimos tres a\u00f1os, se <a href=\"https:\/\/www.ewn.co.za\/2025\/02\/05\/increase-in-missing-childrens-cases-sparks-widespread-concern\" target=\"_blank\" rel=\"noopener\">denunci\u00f3<\/a> la desaparici\u00f3n de m\u00e1s de 2000 ni\u00f1os en Sud\u00e1frica, lo que, seg\u00fan algunas autoridades, parece indicar una tendencia preocupante. Missing Children South Africa, una organizaci\u00f3n no gubernamental que <a href=\"https:\/\/missingchildren.org.za\/\" target=\"_blank\" rel=\"noopener\">ayuda<\/a> a la polic\u00eda en casos de personas desaparecidas, afirma que el n\u00famero de ni\u00f1os desaparecidos es probablemente a\u00fan mayor, ya que muchos incidentes, sobre todo en las zonas rurales, no se denuncian. La mayor\u00eda de los 2000 ni\u00f1os fueron encontrados, pero m\u00e1s de 700 siguen desaparecidos sin dejar rastro, <a href=\"https:\/\/briefly.co.za\/south-africa\/208918-2000-south-africas-children-reported-missing-2022-mzansi-saddened-742-missing\/#google_vignette\" target=\"_blank\" rel=\"noopener\">seg\u00fan<\/a> las autoridades policiales. Bianca van Aswegen, coordinadora nacional de Missing Children South Africa, declar\u00f3 que los secuestros y la trata de personas son indicativos del aumento de la tasa de delincuencia en el pa\u00eds. Sin embargo, a\u00f1adi\u00f3 que tambi\u00e9n hay casos de ni\u00f1os que se han ido de casa voluntariamente o que proceden de hogares en los que los padres no tienen medios econ\u00f3micos para mantener al ni\u00f1o. Adem\u00e1s, una organizaci\u00f3n de derechos humanos expres\u00f3 su preocupaci\u00f3n por el aumento de los secuestros para obtener un <a href=\"https:\/\/www.youtube.com\/watch?v=no6PfcatUjM\" target=\"_blank\" rel=\"noopener\">rescate<\/a> por parte de redes de delincuencia organizada.<\/p>\n<\/div>\n<\/div><\/div><\/div><\/div><\/div>","protected":false},"excerpt":{"rendered":"<p>En los \u00faltimos tres a\u00f1os, se denunci\u00f3 la desaparici\u00f3n de m\u00e1s de 2000 ni\u00f1os en Sud\u00e1frica, lo que, seg\u00fan algunas autoridades, parece indicar una tendencia preocupante. Missing Children South Africa, una organizaci\u00f3n no gubernamental que ayuda a la polic\u00eda en casos de personas desaparecidas, afirma que el n\u00famero de ni\u00f1os desaparecidos es probablemente a\u00fan mayor, [&hellip;]<\/p>\n","protected":false},"featured_media":34557,"template":"","magazine_tags":[1211,1210],"class_list":["post-38127","articles","type-articles","status-publish","has-post-thumbnail","hentry","magazine_category-informes-internacionales","issue-numero-62","magazine_tags-bianca-van-aswegen","magazine_tags-missing-children-south-africa"],"meta_box":{"articles_subhead":"","articles_primary_category":[]},"publishpress_future_workflow_manual_trigger":{"enabledWorkflows":[]},"_links":{"self":[{"href":"https:\/\/amberadvocate.org\/es\/wp-json\/wp\/v2\/articles\/38127","targetHints":{"allow":["GET"]}}],"collection":[{"href":"https:\/\/amberadvocate.org\/es\/wp-json\/wp\/v2\/articles"}],"about":[{"href":"https:\/\/amberadvocate.org\/es\/wp-json\/wp\/v2\/types\/articles"}],"wp:featuredmedia":[{"embeddable":true,"href":"https:\/\/amberadvocate.org\/es\/wp-json\/wp\/v2\/media\/34557"}],"wp:attachment":[{"href":"https:\/\/amberadvocate.org\/es\/wp-json\/wp\/v2\/media?parent=38127"}],"wp:term":[{"taxonomy":"magazine_tags","embeddable":true,"href":"https:\/\/amberadvocate.org\/es\/wp-json\/wp\/v2\/magazine_tags?post=38127"}],"curies":[{"name":"wp","href":"https:\/\/api.w.org\/{rel}","templated":true}]}}