{"id":38126,"date":"2024-10-09T15:08:02","date_gmt":"2024-10-09T20:08:02","guid":{"rendered":"https:\/\/amberadvocate.org\/back-issues\/los-bebes-de-la-guerra-de-el-salvador-buscan-a-sus-familias\/"},"modified":"2026-01-17T17:28:44","modified_gmt":"2026-01-17T23:28:44","slug":"los-bebes-de-la-guerra-de-el-salvador-buscan-a-sus-familias","status":"publish","type":"articles","link":"https:\/\/amberadvocate.org\/es\/?articles=los-bebes-de-la-guerra-de-el-salvador-buscan-a-sus-familias","title":{"rendered":"Los beb\u00e9s de la guerra de El Salvador buscan a sus familias"},"content":{"rendered":"<div id=\"pl-38126\"  class=\"panel-layout\" ><div id=\"pg-38126-0\"  class=\"panel-grid panel-no-style\" ><div id=\"pgc-38126-0-0\"  class=\"panel-grid-cell\" ><div id=\"panel-38126-0-0-0\" class=\"so-panel widget widget_media_image panel-first-child panel-last-child\" data-index=\"0\" ><img decoding=\"async\" width=\"300\" height=\"169\" src=\"https:\/\/amberadvocate.org\/wp-content\/uploads\/2024\/10\/El-Salvador-missing-BBC-300x169.png\" class=\"image wp-image-31556  attachment-medium size-medium\" alt=\"Fotograf\u00eda de ni\u00f1os desaparecidos en El Salvador\" style=\"max-width: 100%; height: auto;\" srcset=\"https:\/\/amberadvocate.org\/wp-content\/uploads\/2024\/10\/El-Salvador-missing-BBC-300x169.png 300w, https:\/\/amberadvocate.org\/wp-content\/uploads\/2024\/10\/El-Salvador-missing-BBC-1024x576.png 1024w, https:\/\/amberadvocate.org\/wp-content\/uploads\/2024\/10\/El-Salvador-missing-BBC-768x432.png 768w, https:\/\/amberadvocate.org\/wp-content\/uploads\/2024\/10\/El-Salvador-missing-BBC.png 1536w\" sizes=\"(max-width: 300px) 100vw, 300px\" \/><\/div><\/div><div id=\"pgc-38126-0-1\"  class=\"panel-grid-cell\" ><div id=\"panel-38126-0-1-0\" class=\"so-panel widget widget_sow-editor panel-first-child panel-last-child\" data-index=\"1\" ><div\n\t\t\t\n\t\t\tclass=\"so-widget-sow-editor so-widget-sow-editor-base\"\n\t\t\t\n\t\t>\n<div class=\"siteorigin-widget-tinymce textwidget\">\n\t<div>\n<p class=\"BodyText1\">Durante la guerra civil salvadore\u00f1a de principios de la d\u00e9cada de 1980, el ej\u00e9rcito se apoderaba regularmente de beb\u00e9s y <a href=\"https:\/\/www.bbc.com\/news\/articles\/cgxw8n0q7k3o\">ni\u00f1os peque\u00f1os<\/a> durante las operaciones contra la guerrilla, algunos directamente de sus padres. Otros fueron descubiertos en escondites, aparentemente abandonados al huir sus familias, y posteriormente dados en adopci\u00f3n. La organizaci\u00f3n no gubernamental Pro-B\u00fasqueda ha ayudado a localizar a 400 ni\u00f1os desde su fundaci\u00f3n en 1994 y sigue buscando a otros 500 desaparecidos durante los 12 a\u00f1os de guerra.  <\/p>\n<\/div>\n<\/div>\n<\/div><\/div><\/div><\/div><\/div>","protected":false},"excerpt":{"rendered":"<p>Durante la guerra civil salvadore\u00f1a de principios de la d\u00e9cada de 1980, el ej\u00e9rcito se apoderaba regularmente de beb\u00e9s y ni\u00f1os peque\u00f1os durante las operaciones contra la guerrilla, algunos directamente de sus padres. Otros fueron descubiertos en escondites, aparentemente abandonados al huir sus familias, y posteriormente dados en adopci\u00f3n. La organizaci\u00f3n no gubernamental Pro-B\u00fasqueda ha [&hellip;]<\/p>\n","protected":false},"featured_media":31556,"template":"","magazine_tags":[973,972,971,524,974],"class_list":["post-38126","articles","type-articles","status-publish","has-post-thumbnail","hentry","magazine_category-informes-internacionales","issue-numero-60","magazine_tags-busqueda","magazine_tags-civil-war","magazine_tags-el-salvador","magazine_tags-missing-children","magazine_tags-salvadoran"],"meta_box":{"articles_subhead":"","articles_primary_category":[]},"publishpress_future_workflow_manual_trigger":{"enabledWorkflows":[]},"_links":{"self":[{"href":"https:\/\/amberadvocate.org\/es\/wp-json\/wp\/v2\/articles\/38126","targetHints":{"allow":["GET"]}}],"collection":[{"href":"https:\/\/amberadvocate.org\/es\/wp-json\/wp\/v2\/articles"}],"about":[{"href":"https:\/\/amberadvocate.org\/es\/wp-json\/wp\/v2\/types\/articles"}],"wp:featuredmedia":[{"embeddable":true,"href":"https:\/\/amberadvocate.org\/es\/wp-json\/wp\/v2\/media\/31556"}],"wp:attachment":[{"href":"https:\/\/amberadvocate.org\/es\/wp-json\/wp\/v2\/media?parent=38126"}],"wp:term":[{"taxonomy":"magazine_tags","embeddable":true,"href":"https:\/\/amberadvocate.org\/es\/wp-json\/wp\/v2\/magazine_tags?post=38126"}],"curies":[{"name":"wp","href":"https:\/\/api.w.org\/{rel}","templated":true}]}}