{"id":38123,"date":"2025-05-25T11:27:32","date_gmt":"2025-05-25T16:27:32","guid":{"rendered":"https:\/\/amberadvocate.org\/back-issues\/video-del-dia-de-los-ninos-desaparecidos-de-2025-nunca-se-rinda\/"},"modified":"2025-11-01T14:39:45","modified_gmt":"2025-11-01T19:39:45","slug":"video-del-dia-de-los-ninos-desaparecidos-de-2025-nunca-se-rinda","status":"publish","type":"articles","link":"https:\/\/amberadvocate.org\/es\/?articles=video-del-dia-de-los-ninos-desaparecidos-de-2025-nunca-se-rinda","title":{"rendered":"V\u00eddeo del D\u00eda de los Ni\u00f1os Desaparecidos de 2025: &#8216;Nunca se rinda&#8217;"},"content":{"rendered":"<div id=\"pl-38123\"  class=\"panel-layout\" ><div id=\"pg-38123-0\"  class=\"panel-grid panel-no-style\" ><div id=\"pgc-38123-0-0\"  class=\"panel-grid-cell\" ><div id=\"panel-38123-0-0-0\" class=\"so-panel widget widget_sow-video panel-first-child\" data-index=\"0\" ><div\n\t\t\t\n\t\t\tclass=\"so-widget-sow-video so-widget-sow-video-default-f379b959fc93-38123\"\n\t\t\t\n\t\t>\n<div class=\"sow-video-wrapper\n\">\n\t\t\t<video\n\t\t\tid=\"sow-player-1\" class=\"sow-video-widget\" preload=\"auto\" style=\"width:100%;height:100%;\" autoplay playsinline muted=\"1\" poster=\"https:\/\/amberadvocate.org\/wp-content\/uploads\/2025\/05\/MCD-cover.png\" controls \t\t>\n\t\t\t\t\t\t\t<source type=\"video\/mp4\" src=\"https:\/\/amberadvocate.org\/wp-content\/uploads\/2025\/05\/MCD-2025-AATTAP-video.mp4\"\/>\n\t\t\t\t\t<\/video>\n\t<\/div>\n<\/div><\/div><div id=\"panel-38123-0-0-1\" class=\"so-panel widget widget_sow-editor panel-last-child\" data-index=\"1\" ><div\n\t\t\t\n\t\t\tclass=\"so-widget-sow-editor so-widget-sow-editor-base\"\n\t\t\t\n\t\t>\n<div class=\"siteorigin-widget-tinymce textwidget\">\n\t<div>\n<p><em>Por Denise Gee Peacock<\/em><\/p>\n<p class=\"xxxmsonormal\"><strong>El 25 de mayo es el D\u00eda Nacional de los Ni\u00f1os Desaparecidos, pero para el Programa de Capacitaci\u00f3n y Asistencia T\u00e9cnica de Alertas AMBER (AATTAP) y el Centro Nacional de Capacitaci\u00f3n en Justicia Penal (NCJTC), pensamos en los ni\u00f1os desaparecidos todos los d\u00edas.<br \/><\/strong><\/p>\n<\/div>\n<div>\n<figure id=\"attachment_34459\" aria-describedby=\"caption-attachment-34459\" style=\"width: 174px\" class=\"wp-caption alignright\"><img decoding=\"async\" class=\"wp-image-34458\" src=\"https:\/\/amberadvocate.org\/wp-content\/uploads\/2025\/04\/Janell-circle-283x300.png\" alt=\"Janell Rasmussen, directora del Centro Nacional de Capacitaci\u00f3n en Justicia Penal y administradora del Programa de Capacitaci\u00f3n y Asistencia T\u00e9cnica de Alertas AMBER\" width=\"174\" height=\"185\" srcset=\"https:\/\/amberadvocate.org\/wp-content\/uploads\/2025\/04\/Janell-circle-283x300.png 283w, https:\/\/amberadvocate.org\/wp-content\/uploads\/2025\/04\/Janell-circle.png 430w\" sizes=\"(max-width: 174px) 100vw, 174px\" \/><figcaption id=\"caption-attachment-34459\" class=\"wp-caption-text\"><strong>Janell Rasmussen<\/strong> Directora del NCJTC Administradora del AATTAP<\/figcaption><\/figure>\n<p class=\"xxxmsonormal\">\u201cNo solo capacitamos a los profesionales de la protecci\u00f3n infantil para que resuelvan <span class=\"xxxapple-converted-space\">de forma r\u00e1pida<span class=\"apple-converted-space\"> y<span class=\"apple-converted-space\"> segura los incidentes de ni\u00f1os desaparecidos, sino que tambi\u00e9n trabajamos con algunos familiares incre\u00edbles de ni\u00f1os y hermanos desaparecidos\u201d, dice Janell Rasmussen, Directora del Centro Nacional de Capacitaci\u00f3n en Justicia Penal\/Administradora del AATTAP.<\/span><\/span><\/span><span class=\"apple-converted-space\"> <\/span><\/p>\n<\/div>\n<p>\u201cFamiliares como Colleen Nick, Kimber Biggs, Jeffery Morehouse y Desiree Young, por nombrar algunos, han compartido sus perspectivas durante las sesiones de capacitaci\u00f3n, los simposios y los proyectos multimedia destinados a ayudar a las fuerzas del orden a comprender las perspectivas \u00fanicas de los familiares. Les debemos una deuda de gratitud por su compasi\u00f3n y franqueza. Y nos mantenemos firmes con ellos y con todos los dem\u00e1s familiares de ni\u00f1os desaparecidos mientras trabajan diligentemente para ver a su hijo o hermano desaparecido regresar a casa\u201d.<\/p>\n<p>*\u20dd <strong><a href=\"https:\/\/ojjdp.ojp.gov\/nmcd\/2025-national-missing-childrens-day\" target=\"_blank\" rel=\"noopener\">Lea sobre<\/a><\/strong> la conmemoraci\u00f3n del D\u00eda Nacional de los Ni\u00f1os Desaparecidos en Washington, D.C., que incluy\u00f3 un panel de discusi\u00f3n con los hermanos supervivientes y los asociados de NCJTC-AATTAP Kimber Biggs (que aparece en el v\u00eddeo anterior), Rysa Lee y Sayeh Rivazfar, que trabajaron junto a ellos y a otros para ayudar a producir la nueva segunda edici\u00f3n de la gu\u00eda multimedia de supervivencia para hermanos <a href=\"https:\/\/ojjdp.ojp.gov\/publications\/what-about-me-second-edition.pdf\" target=\"_blank\" rel=\"noopener\"><em>\u00bfQu\u00e9 pasa conmigo?<\/em><\/a>.<\/p>\n<hr>\n<p><strong>Obtenga m\u00e1s informaci\u00f3n sobre estos seres queridos que a\u00fan est\u00e1n desaparecidos:<\/strong><\/p>\n<p style=\"font-weight: 400;\">\ud808\udc2d \ud835\udde0\ud835\uddf6\ud835\uddf8\ud835\uddf2\ud835\uddf9\ud835\uddf9\ud835\uddf2 \ud835\uddd5\ud835\uddf6\ud835\uddf4\ud835\uddf4\ud835\ude00: <a href=\"https:\/\/www.facebook.com\/mikellebiggs\" target=\"_blank\" rel=\"noopener\">https:\/\/www.facebook.com\/mikellebiggs<\/a><\/p>\n<p style=\"font-weight: 400;\">\ud808\udc2d \ud835\uddd4\ud835\ude01\ud835\uddfc\ud835\uddfa\ud835\ude02 \ud835\udddc\ud835\uddfa\ud835\uddfc\ud835\ude01\ud835\uddfc \ud835\udde0\ud835\uddfc\ud835\uddff\ud835\uddf2\ud835\uddf5\ud835\uddfc\ud835\ude02\ud835\ude00\ud835\uddf2: <a href=\"https:\/\/www.bachome.org\/mochi-morehouse.html\" target=\"_blank\" rel=\"noopener\">https:\/\/www.bachome.org\/mochi-morehouse.html<\/a><\/p>\n<p style=\"font-weight: 400;\">\ud808\udc2d \ud835\udde0\ud835\uddfc\ud835\uddff\ud835\uddf4\ud835\uddee\ud835\uddfb \ud835\udde1\ud835\uddf6\ud835\uddf0\ud835\uddf8: <a href=\"https:\/\/morgannickfoundation.com\/about\/\" target=\"_blank\" rel=\"noopener\">https:\/\/morgannickfoundation.com\/about\/<\/a><\/p>\n<p style=\"font-weight: 400;\">\ud808\udc2d \ud835\uddde\ud835\ude06\ud835\uddff\ud835\uddfc\ud835\uddfb \ud835\udddb\ud835\uddfc\ud835\uddff\ud835\uddfa\ud835\uddee\ud835\uddfb: <a href=\"https:\/\/www.facebook.com\/missingkyronhorman\/\">https:\/\/www.facebook.com\/missingkyronhorman\/<\/a><\/p>\n<div><span class=\"apple-converted-space\"> <\/span><\/div>\n<div><\/div>\n<div><\/div>\n<\/div>\n<\/div><\/div><\/div><\/div><\/div>","protected":false},"excerpt":{"rendered":"<p>D\u00eda de los Ni\u00f1os Desaparecidos de 2025: El AATTAP y el NCJTC se mantienen firmes con sus asociados y otras personas que buscan a familiares desaparecidos.<\/p>\n","protected":false},"featured_media":35706,"template":"","magazine_tags":[599,1350,1348,1257,623,624,1351,1118,1349,598,1352],"class_list":["post-38123","articles","type-articles","status-publish","has-post-thumbnail","hentry","magazine_category-spanish-web-exclusives","magazine_tags-amber-alert-training-technical-assistance-program","magazine_tags-atomu-morehouse","magazine_tags-colleen-nick","magazine_tags-desiree-young","magazine_tags-jeffery-morehouse","magazine_tags-kimber-biggs","magazine_tags-kyron-horman","magazine_tags-mikelle-biggs","magazine_tags-morgan-nick","magazine_tags-national-criminal-justice-training-center","magazine_tags-national-missing-childrens-day"],"meta_box":{"articles_subhead":"","articles_primary_category":[]},"publishpress_future_workflow_manual_trigger":{"enabledWorkflows":[]},"_links":{"self":[{"href":"https:\/\/amberadvocate.org\/es\/wp-json\/wp\/v2\/articles\/38123","targetHints":{"allow":["GET"]}}],"collection":[{"href":"https:\/\/amberadvocate.org\/es\/wp-json\/wp\/v2\/articles"}],"about":[{"href":"https:\/\/amberadvocate.org\/es\/wp-json\/wp\/v2\/types\/articles"}],"wp:featuredmedia":[{"embeddable":true,"href":"https:\/\/amberadvocate.org\/es\/wp-json\/wp\/v2\/media\/35706"}],"wp:attachment":[{"href":"https:\/\/amberadvocate.org\/es\/wp-json\/wp\/v2\/media?parent=38123"}],"wp:term":[{"taxonomy":"magazine_tags","embeddable":true,"href":"https:\/\/amberadvocate.org\/es\/wp-json\/wp\/v2\/magazine_tags?post=38123"}],"curies":[{"name":"wp","href":"https:\/\/api.w.org\/{rel}","templated":true}]}}