{"id":30787,"date":"2024-07-16T14:12:30","date_gmt":"2024-07-16T19:12:30","guid":{"rendered":"https:\/\/amberadvocate.org\/issues\/convivencia-familiar-en-d-c\/"},"modified":"2026-01-17T17:35:27","modified_gmt":"2026-01-17T23:35:27","slug":"convivencia-familiar-en-d-c","status":"publish","type":"articles","link":"https:\/\/amberadvocate.org\/es\/?articles=convivencia-familiar-en-d-c","title":{"rendered":"Convivencia familiar en D.C."},"content":{"rendered":"<div id=\"pl-30787\"  class=\"panel-layout\" ><div id=\"pg-30787-0\"  class=\"panel-grid panel-no-style\" ><div id=\"pgc-30787-0-0\"  class=\"panel-grid-cell\" ><div id=\"panel-30787-0-0-0\" class=\"so-panel widget widget_sow-editor panel-first-child\" data-index=\"0\" ><div\n\t\t\t\n\t\t\tclass=\"so-widget-sow-editor so-widget-sow-editor-base\"\n\t\t\t\n\t\t>\n<div class=\"siteorigin-widget-tinymce textwidget\">\n\t<p class=\"p3\"><em><div  id=\"jtg-26567\" class=\"modula modula-gallery modula-creative-gallery\" data-config=\"{&quot;height&quot;:800,&quot;tabletHeight&quot;:800,&quot;mobileHeight&quot;:800,&quot;desktopHeight&quot;:800,&quot;enableTwitter&quot;:false,&quot;enableWhatsapp&quot;:false,&quot;enableFacebook&quot;:false,&quot;enablePinterest&quot;:false,&quot;enableLinkedin&quot;:false,&quot;enableEmail&quot;:false,&quot;randomFactor&quot;:0.5,&quot;type&quot;:&quot;creative-gallery&quot;,&quot;columns&quot;:12,&quot;gutter&quot;:10,&quot;mobileGutter&quot;:10,&quot;tabletGutter&quot;:10,&quot;desktopGutter&quot;:10,&quot;enableResponsive&quot;:&quot;0&quot;,&quot;tabletColumns&quot;:2,&quot;mobileColumns&quot;:1,&quot;lazyLoad&quot;:0,&quot;lightboxOpts&quot;:{&quot;animated&quot;:true,&quot;Thumbs&quot;:{&quot;type&quot;:&quot;modern&quot;,&quot;showOnStart&quot;:false},&quot;Toolbar&quot;:{&quot;display&quot;:{&quot;right&quot;:[&quot;close&quot;]},&quot;enabled&quot;:true},&quot;Carousel&quot;:{&quot;Panzoom&quot;:{&quot;touch&quot;:false},&quot;infinite&quot;:false,&quot;transition&quot;:&quot;fade&quot;},&quot;keyboard&quot;:{&quot;Escape&quot;:&quot;close&quot;,&quot;Delete&quot;:&quot;close&quot;,&quot;Backspace&quot;:&quot;close&quot;,&quot;PageUp&quot;:false,&quot;PageDown&quot;:false,&quot;ArrowUp&quot;:false,&quot;ArrowDown&quot;:false,&quot;ArrowRight&quot;:false,&quot;ArrowLeft&quot;:false},&quot;touch&quot;:false,&quot;backdropClick&quot;:false,&quot;l10n&quot;:{&quot;CLOSE&quot;:&quot;Close&quot;,&quot;NEXT&quot;:&quot;Next&quot;,&quot;PREV&quot;:&quot;Previous&quot;,&quot;Error&quot;:&quot;The requested content cannot be loaded. Please try again later.&quot;,&quot;PLAY_START&quot;:&quot;Start slideshow&quot;,&quot;PLAY_STOP&quot;:&quot;Pause slideshow&quot;,&quot;FULL_SCREEN&quot;:&quot;Full screen&quot;,&quot;THUMBS&quot;:&quot;Thumbnails&quot;,&quot;DOWNLOAD&quot;:&quot;Download&quot;,&quot;SHARE&quot;:&quot;Share&quot;,&quot;ZOOM&quot;:&quot;Zoom&quot;,&quot;EMAIL&quot;:&quot;Here is the link to the image : %%image_link%% and this is the link to the gallery : %%gallery_link%%&quot;,&quot;MODAL&quot;:&quot;You can close this modal content with the ESC key&quot;,&quot;ERROR&quot;:&quot;Something Went Wrong, Please Try Again Later&quot;,&quot;IMAGE_ERROR&quot;:&quot;Image Not Found&quot;,&quot;ELEMENT_NOT_FOUND&quot;:&quot;HTML Element Not Found&quot;,&quot;AJAX_NOT_FOUND&quot;:&quot;Error Loading AJAX : Not Found&quot;,&quot;AJAX_FORBIDDEN&quot;:&quot;Error Loading AJAX : Forbidden&quot;,&quot;IFRAME_ERROR&quot;:&quot;Error Loading Page&quot;,&quot;TOGGLE_ZOOM&quot;:&quot;Toggle zoom level&quot;,&quot;TOGGLE_THUMBS&quot;:&quot;Toggle thumbnails&quot;,&quot;TOGGLE_SLIDESHOW&quot;:&quot;Toggle slideshow&quot;,&quot;TOGGLE_FULLSCREEN&quot;:&quot;Toggle full-screen mode&quot;},&quot;Images&quot;:{&quot;Panzoom&quot;:{&quot;maxScale&quot;:2}},&quot;mainClass&quot;:&quot;modula-fancybox-container modula-lightbox-jtg-26567&quot;,&quot;Html&quot;:{&quot;videoAutoplay&quot;:0,&quot;videoTpl&quot;:&quot;&lt;video class=\\&quot;fancybox__html5video\\&quot; controls muted playsinline controlsList controlsList=\\&quot;nodownload\\&quot; poster=\\&quot;{{poster}}\\&quot; src=\\&quot;{{src}}\\&quot; type=\\&quot;{{format}}\\&quot; &gt;  Sorry, your browser doesn&#039;t support embedded videos, &lt;a href=\\&quot;{{src}}\\&quot;&gt; download &lt;\\\/a&gt; and watch with your favorite video player! &lt;\\\/video&gt;&quot;}},&quot;inView&quot;:false,&quot;email_subject&quot;:&quot;Check out this awesome image !!&quot;,&quot;email_message&quot;:&quot;Here is the link to the image : %%image_link%% and this is the link to the gallery : %%gallery_link%%&quot;,&quot;lightbox&quot;:&quot;fancybox&quot;}\">\n\n\t\n\t<div  class=\"modula-items\">\n\t\t<div class=\"modula-item effect-pufrobo\" >\n\t<div class=\"modula-item-overlay\"><\/div>\n\n\t<div class=\"modula-item-content\">\n\n\t\t<a data-image-id=\"26568\" role=\"button\" tabindex=\"0\" rel=\"jtg-26567\" data-caption=\"\" aria-label=\"Open image in lightbox\" class=\"tile-inner modula-item-link\"><\/a><img decoding=\"async\" class=\"pic wp-image-26568\"  data-valign=\"middle\" data-halign=\"center\" alt=\"Group photo of AATTAP-NCJTC-family survivors at the 2024 National Missing Children&#039;s Day commemoration in Washington, DC.\" data-full=\"https:\/\/amberadvocate.org\/wp-content\/uploads\/2024\/05\/1.-AATTAP-NCJTC-family-survivors.png\" title=\"1. AATTAP-NCJTC-family survivors\" crop=\"\" width=\"300\" height=\"144\" src=\"https:\/\/amberadvocate.org\/wp-content\/uploads\/2024\/05\/1.-AATTAP-NCJTC-family-survivors-300x144.png\" data-src=\"https:\/\/amberadvocate.org\/wp-content\/uploads\/2024\/05\/1.-AATTAP-NCJTC-family-survivors-300x144.png\" data-caption=\"\" srcset=\"https:\/\/amberadvocate.org\/wp-content\/uploads\/2024\/05\/1.-AATTAP-NCJTC-family-survivors.png 2560w, https:\/\/amberadvocate.org\/wp-content\/uploads\/2024\/05\/1.-AATTAP-NCJTC-family-survivors-300x144.png 300w, https:\/\/amberadvocate.org\/wp-content\/uploads\/2024\/05\/1.-AATTAP-NCJTC-family-survivors-1024x492.png 1024w, https:\/\/amberadvocate.org\/wp-content\/uploads\/2024\/05\/1.-AATTAP-NCJTC-family-survivors-768x369.png 768w, https:\/\/amberadvocate.org\/wp-content\/uploads\/2024\/05\/1.-AATTAP-NCJTC-family-survivors-1536x738.png 1536w, https:\/\/amberadvocate.org\/wp-content\/uploads\/2024\/05\/1.-AATTAP-NCJTC-family-survivors-2048x985.png 2048w\" sizes=\"(max-width: 300px) 100vw, 300px\" \/>\n\t\t<div class=\"figc no-description\">\n\t\t\t<div class=\"figc-inner\">\n\t\t\t\t\t\t\t\t\t\t\t\t\t\t\t<\/div>\n\t\t<\/div>\n\n\t<\/div>\n\n<\/div><div class=\"modula-item effect-pufrobo\" >\n\t<div class=\"modula-item-overlay\"><\/div>\n\n\t<div class=\"modula-item-content\">\n\n\t\t<a data-image-id=\"26569\" role=\"button\" tabindex=\"0\" rel=\"jtg-26567\" data-caption=\"\" aria-label=\"Open image in lightbox\" class=\"tile-inner modula-item-link\"><\/a><img decoding=\"async\" class=\"pic wp-image-26569\"  data-valign=\"middle\" data-halign=\"center\" alt=\"Participants at the OJJDP Family Survivor Roundtable Discussion in 2024\" data-full=\"https:\/\/amberadvocate.org\/wp-content\/uploads\/2024\/05\/2.-MCD-sibling-family-survivor-Jeff.png\" title=\"2. MCD sibling family survivor Jeff\" crop=\"\" width=\"300\" height=\"225\" src=\"https:\/\/amberadvocate.org\/wp-content\/uploads\/2024\/05\/2.-MCD-sibling-family-survivor-Jeff-300x225.png\" data-src=\"https:\/\/amberadvocate.org\/wp-content\/uploads\/2024\/05\/2.-MCD-sibling-family-survivor-Jeff-300x225.png\" data-caption=\"\" srcset=\"https:\/\/amberadvocate.org\/wp-content\/uploads\/2024\/05\/2.-MCD-sibling-family-survivor-Jeff.png 2048w, https:\/\/amberadvocate.org\/wp-content\/uploads\/2024\/05\/2.-MCD-sibling-family-survivor-Jeff-300x225.png 300w, https:\/\/amberadvocate.org\/wp-content\/uploads\/2024\/05\/2.-MCD-sibling-family-survivor-Jeff-1024x768.png 1024w, https:\/\/amberadvocate.org\/wp-content\/uploads\/2024\/05\/2.-MCD-sibling-family-survivor-Jeff-768x576.png 768w, https:\/\/amberadvocate.org\/wp-content\/uploads\/2024\/05\/2.-MCD-sibling-family-survivor-Jeff-1536x1152.png 1536w\" sizes=\"(max-width: 300px) 100vw, 300px\" \/>\n\t\t<div class=\"figc no-description\">\n\t\t\t<div class=\"figc-inner\">\n\t\t\t\t\t\t\t\t\t\t\t\t\t\t\t<\/div>\n\t\t<\/div>\n\n\t<\/div>\n\n<\/div><div class=\"modula-item effect-pufrobo\" >\n\t<div class=\"modula-item-overlay\"><\/div>\n\n\t<div class=\"modula-item-content\">\n\n\t\t<a data-image-id=\"26570\" role=\"button\" tabindex=\"0\" rel=\"jtg-26567\" data-caption=\"\" aria-label=\"Open image in lightbox\" class=\"tile-inner modula-item-link\"><\/a><img decoding=\"async\" class=\"pic wp-image-26570\"  data-valign=\"middle\" data-halign=\"right\" alt=\"Alternate view of OJJDP-AATTAP-NCTJC roundtable meeting with family survivors\" data-full=\"https:\/\/amberadvocate.org\/wp-content\/uploads\/2024\/05\/3.-IMG_2580-HC.jpeg\" title=\"3. IMG_2580-HC\" crop=\"\" width=\"300\" height=\"135\" src=\"https:\/\/amberadvocate.org\/wp-content\/uploads\/2024\/05\/3.-IMG_2580-HC-300x135.jpeg\" data-src=\"https:\/\/amberadvocate.org\/wp-content\/uploads\/2024\/05\/3.-IMG_2580-HC-300x135.jpeg\" data-caption=\"\" srcset=\"https:\/\/amberadvocate.org\/wp-content\/uploads\/2024\/05\/3.-IMG_2580-HC-scaled.jpeg 2560w, https:\/\/amberadvocate.org\/wp-content\/uploads\/2024\/05\/3.-IMG_2580-HC-scaled-300x135.jpeg 300w, https:\/\/amberadvocate.org\/wp-content\/uploads\/2024\/05\/3.-IMG_2580-HC-1024x460.jpeg 1024w, https:\/\/amberadvocate.org\/wp-content\/uploads\/2024\/05\/3.-IMG_2580-HC-768x345.jpeg 768w, https:\/\/amberadvocate.org\/wp-content\/uploads\/2024\/05\/3.-IMG_2580-HC-1536x690.jpeg 1536w, https:\/\/amberadvocate.org\/wp-content\/uploads\/2024\/05\/3.-IMG_2580-HC-2048x920.jpeg 2048w\" sizes=\"(max-width: 300px) 100vw, 300px\" \/>\n\t\t<div class=\"figc no-description\">\n\t\t\t<div class=\"figc-inner\">\n\t\t\t\t\t\t\t\t\t\t\t\t\t\t\t<\/div>\n\t\t<\/div>\n\n\t<\/div>\n\n<\/div><div class=\"modula-item effect-pufrobo\" >\n\t<div class=\"modula-item-overlay\"><\/div>\n\n\t<div class=\"modula-item-content\">\n\n\t\t<a data-image-id=\"26571\" role=\"button\" tabindex=\"0\" rel=\"jtg-26567\" data-caption=\"\" aria-label=\"Open image in lightbox\" class=\"tile-inner modula-item-link\"><\/a><img decoding=\"async\" class=\"pic wp-image-26571\"  data-valign=\"top\" data-halign=\"center\" alt=\"Photo of OJJDP Administrator Liz Ryan\" data-full=\"https:\/\/amberadvocate.org\/wp-content\/uploads\/2024\/05\/4.-IMG_2589-HC.jpeg\" title=\"4. IMG_2589-HC\" crop=\"\" width=\"225\" height=\"300\" src=\"https:\/\/amberadvocate.org\/wp-content\/uploads\/2024\/05\/4.-IMG_2589-HC-225x300.jpeg\" data-src=\"https:\/\/amberadvocate.org\/wp-content\/uploads\/2024\/05\/4.-IMG_2589-HC-225x300.jpeg\" data-caption=\"\" srcset=\"https:\/\/amberadvocate.org\/wp-content\/uploads\/2024\/05\/4.-IMG_2589-HC-scaled.jpeg 1920w, https:\/\/amberadvocate.org\/wp-content\/uploads\/2024\/05\/4.-IMG_2589-HC-scaled-225x300.jpeg 225w, https:\/\/amberadvocate.org\/wp-content\/uploads\/2024\/05\/4.-IMG_2589-HC-768x1024.jpeg 768w, https:\/\/amberadvocate.org\/wp-content\/uploads\/2024\/05\/4.-IMG_2589-HC-1152x1536.jpeg 1152w, https:\/\/amberadvocate.org\/wp-content\/uploads\/2024\/05\/4.-IMG_2589-HC-1536x2048.jpeg 1536w\" sizes=\"(max-width: 225px) 100vw, 225px\" \/>\n\t\t<div class=\"figc no-description\">\n\t\t\t<div class=\"figc-inner\">\n\t\t\t\t\t\t\t\t\t\t\t\t\t\t\t<\/div>\n\t\t<\/div>\n\n\t<\/div>\n\n<\/div><div class=\"modula-item effect-pufrobo\" >\n\t<div class=\"modula-item-overlay\"><\/div>\n\n\t<div class=\"modula-item-content\">\n\n\t\t<a data-image-id=\"26572\" role=\"button\" tabindex=\"0\" rel=\"jtg-26567\" data-caption=\"\" aria-label=\"Open image in lightbox\" class=\"tile-inner modula-item-link\"><\/a><img decoding=\"async\" class=\"pic wp-image-26572\"  data-valign=\"top\" data-halign=\"center\" alt=\"Photo of sibling survivor Heather talking at the Family Roundtable Discussion at OJJDP headquarters in 2024\" data-full=\"https:\/\/amberadvocate.org\/wp-content\/uploads\/2024\/05\/5.-IMG_2587-HC.jpeg\" title=\"5. IMG_2587-HC\" crop=\"\" width=\"225\" height=\"300\" src=\"https:\/\/amberadvocate.org\/wp-content\/uploads\/2024\/05\/5.-IMG_2587-HC-225x300.jpeg\" data-src=\"https:\/\/amberadvocate.org\/wp-content\/uploads\/2024\/05\/5.-IMG_2587-HC-225x300.jpeg\" data-caption=\"\" srcset=\"https:\/\/amberadvocate.org\/wp-content\/uploads\/2024\/05\/5.-IMG_2587-HC-scaled.jpeg 1920w, https:\/\/amberadvocate.org\/wp-content\/uploads\/2024\/05\/5.-IMG_2587-HC-scaled-225x300.jpeg 225w, https:\/\/amberadvocate.org\/wp-content\/uploads\/2024\/05\/5.-IMG_2587-HC-768x1024.jpeg 768w, https:\/\/amberadvocate.org\/wp-content\/uploads\/2024\/05\/5.-IMG_2587-HC-1152x1536.jpeg 1152w, https:\/\/amberadvocate.org\/wp-content\/uploads\/2024\/05\/5.-IMG_2587-HC-1536x2048.jpeg 1536w\" sizes=\"(max-width: 225px) 100vw, 225px\" \/>\n\t\t<div class=\"figc no-description\">\n\t\t\t<div class=\"figc-inner\">\n\t\t\t\t\t\t\t\t\t\t\t\t\t\t\t<\/div>\n\t\t<\/div>\n\n\t<\/div>\n\n<\/div><div class=\"modula-item effect-pufrobo\" >\n\t<div class=\"modula-item-overlay\"><\/div>\n\n\t<div class=\"modula-item-content\">\n\n\t\t<a data-image-id=\"26573\" role=\"button\" tabindex=\"0\" rel=\"jtg-26567\" data-caption=\"\" aria-label=\"Open image in lightbox\" class=\"tile-inner modula-item-link\"><\/a><img decoding=\"async\" class=\"pic wp-image-26573\"  data-valign=\"top\" data-halign=\"center\" alt=\"Dr. Noelle Hunter and Jeffery Morehouse at the OJJDP Family Survivor Roundtable Discussion\" data-full=\"https:\/\/amberadvocate.org\/wp-content\/uploads\/2024\/05\/6.-IMG_2590-HC.jpeg\" title=\"6. IMG_2590-HC\" crop=\"\" width=\"225\" height=\"300\" src=\"https:\/\/amberadvocate.org\/wp-content\/uploads\/2024\/05\/6.-IMG_2590-HC-225x300.jpeg\" data-src=\"https:\/\/amberadvocate.org\/wp-content\/uploads\/2024\/05\/6.-IMG_2590-HC-225x300.jpeg\" data-caption=\"\" srcset=\"https:\/\/amberadvocate.org\/wp-content\/uploads\/2024\/05\/6.-IMG_2590-HC-scaled.jpeg 1920w, https:\/\/amberadvocate.org\/wp-content\/uploads\/2024\/05\/6.-IMG_2590-HC-scaled-225x300.jpeg 225w, https:\/\/amberadvocate.org\/wp-content\/uploads\/2024\/05\/6.-IMG_2590-HC-768x1024.jpeg 768w, https:\/\/amberadvocate.org\/wp-content\/uploads\/2024\/05\/6.-IMG_2590-HC-1152x1536.jpeg 1152w, https:\/\/amberadvocate.org\/wp-content\/uploads\/2024\/05\/6.-IMG_2590-HC-1536x2048.jpeg 1536w\" sizes=\"(max-width: 225px) 100vw, 225px\" \/>\n\t\t<div class=\"figc no-description\">\n\t\t\t<div class=\"figc-inner\">\n\t\t\t\t\t\t\t\t\t\t\t\t\t\t\t<\/div>\n\t\t<\/div>\n\n\t<\/div>\n\n<\/div><div class=\"modula-item effect-pufrobo\" >\n\t<div class=\"modula-item-overlay\"><\/div>\n\n\t<div class=\"modula-item-content\">\n\n\t\t<a data-image-id=\"26574\" role=\"button\" tabindex=\"0\" rel=\"jtg-26567\" data-caption=\"\" aria-label=\"Open image in lightbox\" class=\"tile-inner modula-item-link\"><\/a><img decoding=\"async\" class=\"pic wp-image-26574\"  data-valign=\"middle\" data-halign=\"center\" alt=\"AATTAP team members and family survivors await of the start of the 2024 National Missing Children\u2019s Day event at the U.S. Department of Justice Great Hall on May 22 in Washington D.C.\" data-full=\"https:\/\/amberadvocate.org\/wp-content\/uploads\/2024\/05\/7.-0240522_085033-JLB.jpg\" title=\"7. 0240522_085033-JLB\" crop=\"\" width=\"300\" height=\"170\" src=\"https:\/\/amberadvocate.org\/wp-content\/uploads\/2024\/05\/7.-0240522_085033-JLB-300x170.jpg\" data-src=\"https:\/\/amberadvocate.org\/wp-content\/uploads\/2024\/05\/7.-0240522_085033-JLB-300x170.jpg\" data-caption=\"\" srcset=\"https:\/\/amberadvocate.org\/wp-content\/uploads\/2024\/05\/7.-0240522_085033-JLB.jpg 2039w, https:\/\/amberadvocate.org\/wp-content\/uploads\/2024\/05\/7.-0240522_085033-JLB-300x170.jpg 300w, https:\/\/amberadvocate.org\/wp-content\/uploads\/2024\/05\/7.-0240522_085033-JLB-1024x581.jpg 1024w, https:\/\/amberadvocate.org\/wp-content\/uploads\/2024\/05\/7.-0240522_085033-JLB-768x436.jpg 768w, https:\/\/amberadvocate.org\/wp-content\/uploads\/2024\/05\/7.-0240522_085033-JLB-1536x872.jpg 1536w\" sizes=\"(max-width: 300px) 100vw, 300px\" \/>\n\t\t<div class=\"figc no-description\">\n\t\t\t<div class=\"figc-inner\">\n\t\t\t\t\t\t\t\t\t\t\t\t\t\t\t<\/div>\n\t\t<\/div>\n\n\t<\/div>\n\n<\/div><div class=\"modula-item effect-pufrobo\" >\n\t<div class=\"modula-item-overlay\"><\/div>\n\n\t<div class=\"modula-item-content\">\n\n\t\t<a data-image-id=\"26575\" role=\"button\" tabindex=\"0\" rel=\"jtg-26567\" data-caption=\"\" aria-label=\"Open image in lightbox\" class=\"tile-inner modula-item-link\"><\/a><img decoding=\"async\" class=\"pic wp-image-26575\"  data-valign=\"middle\" data-halign=\"center\" alt=\"AATTAP team members and family survivors pose for a selfie before the 2024 National Missing Children\u2019s Day commemoration.\" data-full=\"https:\/\/amberadvocate.org\/wp-content\/uploads\/2024\/05\/8.-085254-JLB.jpg\" title=\"8. 085254-JLB\" crop=\"\" width=\"300\" height=\"300\" src=\"https:\/\/amberadvocate.org\/wp-content\/uploads\/2024\/05\/8.-085254-JLB-300x300.jpg\" data-src=\"https:\/\/amberadvocate.org\/wp-content\/uploads\/2024\/05\/8.-085254-JLB-300x300.jpg\" data-caption=\"\" srcset=\"https:\/\/amberadvocate.org\/wp-content\/uploads\/2024\/05\/8.-085254-JLB-scaled.jpg 2560w, https:\/\/amberadvocate.org\/wp-content\/uploads\/2024\/05\/8.-085254-JLB-scaled-300x300.jpg 300w, https:\/\/amberadvocate.org\/wp-content\/uploads\/2024\/05\/8.-085254-JLB-1024x1024.jpg 1024w, https:\/\/amberadvocate.org\/wp-content\/uploads\/2024\/05\/8.-085254-JLB-150x150.jpg 150w, https:\/\/amberadvocate.org\/wp-content\/uploads\/2024\/05\/8.-085254-JLB-768x768.jpg 768w, https:\/\/amberadvocate.org\/wp-content\/uploads\/2024\/05\/8.-085254-JLB-1536x1536.jpg 1536w, https:\/\/amberadvocate.org\/wp-content\/uploads\/2024\/05\/8.-085254-JLB-2048x2048.jpg 2048w\" sizes=\"(max-width: 300px) 100vw, 300px\" \/>\n\t\t<div class=\"figc no-description\">\n\t\t\t<div class=\"figc-inner\">\n\t\t\t\t\t\t\t\t\t\t\t\t\t\t\t<\/div>\n\t\t<\/div>\n\n\t<\/div>\n\n<\/div><div class=\"modula-item effect-pufrobo\" >\n\t<div class=\"modula-item-overlay\"><\/div>\n\n\t<div class=\"modula-item-content\">\n\n\t\t<a data-image-id=\"26576\" role=\"button\" tabindex=\"0\" rel=\"jtg-26567\" data-caption=\"\" aria-label=\"Open image in lightbox\" class=\"tile-inner modula-item-link\"><\/a><img decoding=\"async\" class=\"pic wp-image-26576\"  data-valign=\"middle\" data-halign=\"center\" alt=\"AATTAP Administrator Janell Rasmussen congratulates the 2024 National Missing Children\u2019s Day poster winner, Hanna L., a fifth grader from Chesnee, South Carolina. She and Hanna are shown with Hanna\u2019s mother (back) and South Carolina AMBER Alert Coordinator Alex Schelble (right).\" data-full=\"https:\/\/amberadvocate.org\/wp-content\/uploads\/2024\/05\/9.-So-Carolina-poster-winner-Janell-AAC.png\" title=\"9. So Carolina poster winner Janell AAC\" crop=\"\" width=\"300\" height=\"297\" src=\"https:\/\/amberadvocate.org\/wp-content\/uploads\/2024\/05\/9.-So-Carolina-poster-winner-Janell-AAC-300x297.png\" data-src=\"https:\/\/amberadvocate.org\/wp-content\/uploads\/2024\/05\/9.-So-Carolina-poster-winner-Janell-AAC-300x297.png\" data-caption=\"\" srcset=\"https:\/\/amberadvocate.org\/wp-content\/uploads\/2024\/05\/9.-So-Carolina-poster-winner-Janell-AAC.png 1032w, https:\/\/amberadvocate.org\/wp-content\/uploads\/2024\/05\/9.-So-Carolina-poster-winner-Janell-AAC-300x297.png 300w, https:\/\/amberadvocate.org\/wp-content\/uploads\/2024\/05\/9.-So-Carolina-poster-winner-Janell-AAC-1024x1012.png 1024w, https:\/\/amberadvocate.org\/wp-content\/uploads\/2024\/05\/9.-So-Carolina-poster-winner-Janell-AAC-150x150.png 150w, https:\/\/amberadvocate.org\/wp-content\/uploads\/2024\/05\/9.-So-Carolina-poster-winner-Janell-AAC-768x759.png 768w\" sizes=\"(max-width: 300px) 100vw, 300px\" \/>\n\t\t<div class=\"figc no-description\">\n\t\t\t<div class=\"figc-inner\">\n\t\t\t\t\t\t\t\t\t\t\t\t\t\t\t<\/div>\n\t\t<\/div>\n\n\t<\/div>\n\n<\/div><div class=\"modula-item effect-pufrobo\" >\n\t<div class=\"modula-item-overlay\"><\/div>\n\n\t<div class=\"modula-item-content\">\n\n\t\t<a data-image-id=\"26577\" role=\"button\" tabindex=\"0\" rel=\"jtg-26567\" data-caption=\"\" aria-label=\"Open image in lightbox\" class=\"tile-inner modula-item-link\"><\/a><img decoding=\"async\" class=\"pic wp-image-26577\"  data-valign=\"bottom\" data-halign=\"center\" alt=\"Photo of the winning poster with this quote from the South Carolina fifth grader, Hanna L., who created it: &quot;Those who help bring back missing children change the whole picture completely.&quot;\" data-full=\"https:\/\/amberadvocate.org\/wp-content\/uploads\/2024\/05\/10.-2024-NMCD-poster-winner-quote.png\" title=\"10. 2024 NMCD poster winner quote\" crop=\"\" width=\"300\" height=\"252\" src=\"https:\/\/amberadvocate.org\/wp-content\/uploads\/2024\/05\/10.-2024-NMCD-poster-winner-quote-300x252.png\" data-src=\"https:\/\/amberadvocate.org\/wp-content\/uploads\/2024\/05\/10.-2024-NMCD-poster-winner-quote-300x252.png\" data-caption=\"\" srcset=\"https:\/\/amberadvocate.org\/wp-content\/uploads\/2024\/05\/10.-2024-NMCD-poster-winner-quote.png 1058w, https:\/\/amberadvocate.org\/wp-content\/uploads\/2024\/05\/10.-2024-NMCD-poster-winner-quote-300x252.png 300w, https:\/\/amberadvocate.org\/wp-content\/uploads\/2024\/05\/10.-2024-NMCD-poster-winner-quote-1024x858.png 1024w, https:\/\/amberadvocate.org\/wp-content\/uploads\/2024\/05\/10.-2024-NMCD-poster-winner-quote-768x644.png 768w\" sizes=\"(max-width: 300px) 100vw, 300px\" \/>\n\t\t<div class=\"figc no-description\">\n\t\t\t<div class=\"figc-inner\">\n\t\t\t\t\t\t\t\t\t\t\t\t\t\t\t<\/div>\n\t\t<\/div>\n\n\t<\/div>\n\n<\/div><div class=\"modula-item effect-pufrobo\" >\n\t<div class=\"modula-item-overlay\"><\/div>\n\n\t<div class=\"modula-item-content\">\n\n\t\t<a data-image-id=\"26578\" role=\"button\" tabindex=\"0\" rel=\"jtg-26567\" data-caption=\"\" aria-label=\"Open image in lightbox\" class=\"tile-inner modula-item-link\"><\/a><img decoding=\"async\" class=\"pic wp-image-26578\"  data-valign=\"top\" data-halign=\"center\" alt=\"Family survivors Dr. Noelle Hunter (right) and her daughter, Rysa, are shown during a group visit to the National Center for Missing &amp; Exploited Children headquarters in Alexandria, Virginia.\" data-full=\"https:\/\/amberadvocate.org\/wp-content\/uploads\/2024\/05\/11.-20240521_163105-JLB.jpg\" title=\"11. 20240521_163105-JLB\" crop=\"\" width=\"300\" height=\"258\" src=\"https:\/\/amberadvocate.org\/wp-content\/uploads\/2024\/05\/11.-20240521_163105-JLB-300x258.jpg\" data-src=\"https:\/\/amberadvocate.org\/wp-content\/uploads\/2024\/05\/11.-20240521_163105-JLB-300x258.jpg\" data-caption=\"\" srcset=\"https:\/\/amberadvocate.org\/wp-content\/uploads\/2024\/05\/11.-20240521_163105-JLB-scaled.jpg 2560w, https:\/\/amberadvocate.org\/wp-content\/uploads\/2024\/05\/11.-20240521_163105-JLB-scaled-300x258.jpg 300w, https:\/\/amberadvocate.org\/wp-content\/uploads\/2024\/05\/11.-20240521_163105-JLB-1024x879.jpg 1024w, https:\/\/amberadvocate.org\/wp-content\/uploads\/2024\/05\/11.-20240521_163105-JLB-768x659.jpg 768w, https:\/\/amberadvocate.org\/wp-content\/uploads\/2024\/05\/11.-20240521_163105-JLB-1536x1319.jpg 1536w, https:\/\/amberadvocate.org\/wp-content\/uploads\/2024\/05\/11.-20240521_163105-JLB-2048x1759.jpg 2048w\" sizes=\"(max-width: 300px) 100vw, 300px\" \/>\n\t\t<div class=\"figc no-description\">\n\t\t\t<div class=\"figc-inner\">\n\t\t\t\t\t\t\t\t\t\t\t\t\t\t\t<\/div>\n\t\t<\/div>\n\n\t<\/div>\n\n<\/div><div class=\"modula-item effect-pufrobo\" >\n\t<div class=\"modula-item-overlay\"><\/div>\n\n\t<div class=\"modula-item-content\">\n\n\t\t<a data-image-id=\"26579\" role=\"button\" tabindex=\"0\" rel=\"jtg-26567\" data-caption=\"\" aria-label=\"Open image in lightbox\" class=\"tile-inner modula-item-link\"><\/a><img decoding=\"async\" class=\"pic wp-image-26579\"  data-valign=\"top\" data-halign=\"center\" alt=\"Also photographed during the NCMEC visit were (from left) sibling survivor Heather, family survivor Yvonne Ambrose, and sibling survivor Kimber.\" data-full=\"https:\/\/amberadvocate.org\/wp-content\/uploads\/2024\/05\/12.-20240521_151624-JLB.jpg\" title=\"12. 20240521_151624-JLB\" crop=\"\" width=\"246\" height=\"300\" src=\"https:\/\/amberadvocate.org\/wp-content\/uploads\/2024\/05\/12.-20240521_151624-JLB-246x300.jpg\" data-src=\"https:\/\/amberadvocate.org\/wp-content\/uploads\/2024\/05\/12.-20240521_151624-JLB-246x300.jpg\" data-caption=\"\" srcset=\"https:\/\/amberadvocate.org\/wp-content\/uploads\/2024\/05\/12.-20240521_151624-JLB-scaled.jpg 2096w, https:\/\/amberadvocate.org\/wp-content\/uploads\/2024\/05\/12.-20240521_151624-JLB-scaled-246x300.jpg 246w, https:\/\/amberadvocate.org\/wp-content\/uploads\/2024\/05\/12.-20240521_151624-JLB-838x1024.jpg 838w, https:\/\/amberadvocate.org\/wp-content\/uploads\/2024\/05\/12.-20240521_151624-JLB-768x938.jpg 768w, https:\/\/amberadvocate.org\/wp-content\/uploads\/2024\/05\/12.-20240521_151624-JLB-1258x1536.jpg 1258w, https:\/\/amberadvocate.org\/wp-content\/uploads\/2024\/05\/12.-20240521_151624-JLB-1677x2048.jpg 1677w\" sizes=\"(max-width: 246px) 100vw, 246px\" \/>\n\t\t<div class=\"figc no-description\">\n\t\t\t<div class=\"figc-inner\">\n\t\t\t\t\t\t\t\t\t\t\t\t\t\t\t<\/div>\n\t\t<\/div>\n\n\t<\/div>\n\n<\/div><div class=\"modula-item effect-pufrobo\" >\n\t<div class=\"modula-item-overlay\"><\/div>\n\n\t<div class=\"modula-item-content\">\n\n\t\t<a data-image-id=\"26580\" role=\"button\" tabindex=\"0\" rel=\"jtg-26567\" data-caption=\"\" aria-label=\"Open image in lightbox\" class=\"tile-inner modula-item-link\"><\/a><img decoding=\"async\" class=\"pic wp-image-26580\"  data-valign=\"middle\" data-halign=\"center\" alt=\"AATTAP Administrator Janell Rasmussen (standing) welcomes family survivors and others to a reception in honor of the forthcoming sibling-survivor resource, What About Me?\" data-full=\"https:\/\/amberadvocate.org\/wp-content\/uploads\/2024\/05\/13.-20240521_174420-JLB.jpg\" title=\"13. 20240521_174420-JLB\" crop=\"\" width=\"300\" height=\"202\" src=\"https:\/\/amberadvocate.org\/wp-content\/uploads\/2024\/05\/13.-20240521_174420-JLB-300x202.jpg\" data-src=\"https:\/\/amberadvocate.org\/wp-content\/uploads\/2024\/05\/13.-20240521_174420-JLB-300x202.jpg\" data-caption=\"\" srcset=\"https:\/\/amberadvocate.org\/wp-content\/uploads\/2024\/05\/13.-20240521_174420-JLB.jpg 2241w, https:\/\/amberadvocate.org\/wp-content\/uploads\/2024\/05\/13.-20240521_174420-JLB-300x202.jpg 300w, https:\/\/amberadvocate.org\/wp-content\/uploads\/2024\/05\/13.-20240521_174420-JLB-1024x689.jpg 1024w, https:\/\/amberadvocate.org\/wp-content\/uploads\/2024\/05\/13.-20240521_174420-JLB-768x517.jpg 768w, https:\/\/amberadvocate.org\/wp-content\/uploads\/2024\/05\/13.-20240521_174420-JLB-1536x1034.jpg 1536w, https:\/\/amberadvocate.org\/wp-content\/uploads\/2024\/05\/13.-20240521_174420-JLB-2048x1378.jpg 2048w, https:\/\/amberadvocate.org\/wp-content\/uploads\/2024\/05\/13.-20240521_174420-JLB-272x182.jpg 272w\" sizes=\"(max-width: 300px) 100vw, 300px\" \/>\n\t\t<div class=\"figc no-description\">\n\t\t\t<div class=\"figc-inner\">\n\t\t\t\t\t\t\t\t\t\t\t\t\t\t\t<\/div>\n\t\t<\/div>\n\n\t<\/div>\n\n<\/div><div class=\"modula-item effect-pufrobo\" >\n\t<div class=\"modula-item-overlay\"><\/div>\n\n\t<div class=\"modula-item-content\">\n\n\t\t<a data-image-id=\"26581\" role=\"button\" tabindex=\"0\" rel=\"jtg-26567\" data-caption=\"\" aria-label=\"Open image in lightbox\" class=\"tile-inner modula-item-link\"><\/a><img decoding=\"async\" class=\"pic wp-image-26581\"  data-valign=\"middle\" data-halign=\"right\" alt=\"14. NCJTC Executive Director Brad Russ (right) shares a hug with parent survivor and longtime advocate for missing children, Patty Wetterling, during the AATTAP reception.\" data-full=\"https:\/\/amberadvocate.org\/wp-content\/uploads\/2024\/05\/14.-IMG_2578-HC.jpeg\" title=\"14. IMG_2578-HC\" crop=\"\" width=\"193\" height=\"300\" src=\"https:\/\/amberadvocate.org\/wp-content\/uploads\/2024\/05\/14.-IMG_2578-HC-193x300.jpeg\" data-src=\"https:\/\/amberadvocate.org\/wp-content\/uploads\/2024\/05\/14.-IMG_2578-HC-193x300.jpeg\" data-caption=\"\" srcset=\"https:\/\/amberadvocate.org\/wp-content\/uploads\/2024\/05\/14.-IMG_2578-HC-scaled.jpeg 1646w, https:\/\/amberadvocate.org\/wp-content\/uploads\/2024\/05\/14.-IMG_2578-HC-scaled-193x300.jpeg 193w, https:\/\/amberadvocate.org\/wp-content\/uploads\/2024\/05\/14.-IMG_2578-HC-658x1024.jpeg 658w, https:\/\/amberadvocate.org\/wp-content\/uploads\/2024\/05\/14.-IMG_2578-HC-768x1194.jpeg 768w, https:\/\/amberadvocate.org\/wp-content\/uploads\/2024\/05\/14.-IMG_2578-HC-988x1536.jpeg 988w, https:\/\/amberadvocate.org\/wp-content\/uploads\/2024\/05\/14.-IMG_2578-HC-1317x2048.jpeg 1317w\" sizes=\"(max-width: 193px) 100vw, 193px\" \/>\n\t\t<div class=\"figc no-description\">\n\t\t\t<div class=\"figc-inner\">\n\t\t\t\t\t\t\t\t\t\t\t\t\t\t\t<\/div>\n\t\t<\/div>\n\n\t<\/div>\n\n<\/div><div class=\"modula-item effect-pufrobo\" >\n\t<div class=\"modula-item-overlay\"><\/div>\n\n\t<div class=\"modula-item-content\">\n\n\t\t<a data-image-id=\"26582\" role=\"button\" tabindex=\"0\" rel=\"jtg-26567\" data-caption=\"\" aria-label=\"Open image in lightbox\" class=\"tile-inner modula-item-link\"><\/a><img decoding=\"async\" class=\"pic wp-image-26582\"  data-valign=\"top\" data-halign=\"center\" alt=\"Shown at the reception for family survivors are (from left): NCJTC Executive Director Brad Russ, AATTAP Special Projects Associate Helen Connelly, AATTAP Administrator Janell Rasmussen, AATTAP Deputy Administrator Jenniffer Price-Lehmann, and AATTAP Project Coordinator Yesenia \u201cJesi\u201d Leon-Baron.\" data-full=\"https:\/\/amberadvocate.org\/wp-content\/uploads\/2024\/05\/15.-IMG_7943.jpg\" title=\"15. IMG_7943\" crop=\"\" width=\"300\" height=\"225\" src=\"https:\/\/amberadvocate.org\/wp-content\/uploads\/2024\/05\/15.-IMG_7943-300x225.jpg\" data-src=\"https:\/\/amberadvocate.org\/wp-content\/uploads\/2024\/05\/15.-IMG_7943-300x225.jpg\" data-caption=\"\" srcset=\"https:\/\/amberadvocate.org\/wp-content\/uploads\/2024\/05\/15.-IMG_7943-scaled.jpg 2560w, https:\/\/amberadvocate.org\/wp-content\/uploads\/2024\/05\/15.-IMG_7943-scaled-300x225.jpg 300w, https:\/\/amberadvocate.org\/wp-content\/uploads\/2024\/05\/15.-IMG_7943-1024x768.jpg 1024w, https:\/\/amberadvocate.org\/wp-content\/uploads\/2024\/05\/15.-IMG_7943-768x576.jpg 768w, https:\/\/amberadvocate.org\/wp-content\/uploads\/2024\/05\/15.-IMG_7943-1536x1152.jpg 1536w, https:\/\/amberadvocate.org\/wp-content\/uploads\/2024\/05\/15.-IMG_7943-2048x1536.jpg 2048w\" sizes=\"(max-width: 300px) 100vw, 300px\" \/>\n\t\t<div class=\"figc no-description\">\n\t\t\t<div class=\"figc-inner\">\n\t\t\t\t\t\t\t\t\t\t\t\t\t\t\t<\/div>\n\t\t<\/div>\n\n\t<\/div>\n\n<\/div><div class=\"modula-item effect-pufrobo\" >\n\t<div class=\"modula-item-overlay\"><\/div>\n\n\t<div class=\"modula-item-content\">\n\n\t\t<a data-image-id=\"26583\" role=\"button\" tabindex=\"0\" rel=\"jtg-26567\" data-caption=\"\" aria-label=\"Open image in lightbox\" class=\"tile-inner modula-item-link\"><\/a><img decoding=\"async\" class=\"pic wp-image-26583\"  data-valign=\"top\" data-halign=\"center\" alt=\"From left: Family survivor Ahmad Rivazfar converses with AATTAP Project Coordinator Yesenia \u201cJesi\u201d Leon-Baron and sibling survivor Heather at the reception.\" data-full=\"https:\/\/amberadvocate.org\/wp-content\/uploads\/2024\/05\/16.-IMG_2574-HC.jpeg\" title=\"16. IMG_2574-HC\" crop=\"\" width=\"264\" height=\"300\" src=\"https:\/\/amberadvocate.org\/wp-content\/uploads\/2024\/05\/16.-IMG_2574-HC-264x300.jpeg\" data-src=\"https:\/\/amberadvocate.org\/wp-content\/uploads\/2024\/05\/16.-IMG_2574-HC-264x300.jpeg\" data-caption=\"\" srcset=\"https:\/\/amberadvocate.org\/wp-content\/uploads\/2024\/05\/16.-IMG_2574-HC-scaled.jpeg 2257w, https:\/\/amberadvocate.org\/wp-content\/uploads\/2024\/05\/16.-IMG_2574-HC-scaled-264x300.jpeg 264w, https:\/\/amberadvocate.org\/wp-content\/uploads\/2024\/05\/16.-IMG_2574-HC-903x1024.jpeg 903w, https:\/\/amberadvocate.org\/wp-content\/uploads\/2024\/05\/16.-IMG_2574-HC-768x871.jpeg 768w, https:\/\/amberadvocate.org\/wp-content\/uploads\/2024\/05\/16.-IMG_2574-HC-1354x1536.jpeg 1354w, https:\/\/amberadvocate.org\/wp-content\/uploads\/2024\/05\/16.-IMG_2574-HC-1806x2048.jpeg 1806w\" sizes=\"(max-width: 264px) 100vw, 264px\" \/>\n\t\t<div class=\"figc no-description\">\n\t\t\t<div class=\"figc-inner\">\n\t\t\t\t\t\t\t\t\t\t\t\t\t\t\t<\/div>\n\t\t<\/div>\n\n\t<\/div>\n\n<\/div><div class=\"modula-item effect-pufrobo\" >\n\t<div class=\"modula-item-overlay\"><\/div>\n\n\t<div class=\"modula-item-content\">\n\n\t\t<a data-image-id=\"26584\" role=\"button\" tabindex=\"0\" rel=\"jtg-26567\" data-caption=\"\" aria-label=\"Open image in lightbox\" class=\"tile-inner modula-item-link\"><\/a><img decoding=\"async\" class=\"pic wp-image-26584\"  data-valign=\"top\" data-halign=\"center\" alt=\"Parent survivor Patty Wetterling (left) shares a moment with another mother who lost a child to abduction and murder: Pamela Foster. Foster is the mother of Ashlynne Mike, whose 2016 abduction and murder on the Navajo Nation Reservation in New Mexico led to the creation of the 2018 Ashlynne Mike AMBER Alert in Indian Country Act\u2014and AATTAP\u2019s AMBER Alert in Indian Country initiative.\" data-full=\"https:\/\/amberadvocate.org\/wp-content\/uploads\/2024\/05\/17.-IMG_7945.jpg\" title=\"17. IMG_7945\" crop=\"\" width=\"214\" height=\"300\" src=\"https:\/\/amberadvocate.org\/wp-content\/uploads\/2024\/05\/17.-IMG_7945-214x300.jpg\" data-src=\"https:\/\/amberadvocate.org\/wp-content\/uploads\/2024\/05\/17.-IMG_7945-214x300.jpg\" data-caption=\"\" srcset=\"https:\/\/amberadvocate.org\/wp-content\/uploads\/2024\/05\/17.-IMG_7945-scaled.jpg 1828w, https:\/\/amberadvocate.org\/wp-content\/uploads\/2024\/05\/17.-IMG_7945-scaled-214x300.jpg 214w, https:\/\/amberadvocate.org\/wp-content\/uploads\/2024\/05\/17.-IMG_7945-731x1024.jpg 731w, https:\/\/amberadvocate.org\/wp-content\/uploads\/2024\/05\/17.-IMG_7945-768x1075.jpg 768w, https:\/\/amberadvocate.org\/wp-content\/uploads\/2024\/05\/17.-IMG_7945-1097x1536.jpg 1097w, https:\/\/amberadvocate.org\/wp-content\/uploads\/2024\/05\/17.-IMG_7945-1463x2048.jpg 1463w\" sizes=\"(max-width: 214px) 100vw, 214px\" \/>\n\t\t<div class=\"figc no-description\">\n\t\t\t<div class=\"figc-inner\">\n\t\t\t\t\t\t\t\t\t\t\t\t\t\t\t<\/div>\n\t\t<\/div>\n\n\t<\/div>\n\n<\/div>\t\t\n\t<\/div>\n\n\t\n\t\n\t<script type=\"application\/ld+json\">\n\t{\n\t\t\"@context\": \"http:\/\/schema.org\",\n\t\t\"@type\"   : \"ImageGallery\",\n\t\t\"id\"      : \"https:\/\/amberadvocate.org\/es\/?articles=convivencia-familiar-en-d-c\/\",\n\t\t\"url\"     : \"https:\/\/amberadvocate.org\/es\/?articles=convivencia-familiar-en-d-c\/\"\n\t}\n\n\t<\/script>\n\n\t\n<\/div>\n<\/em><\/p>\n<p><span style=\"color: #333333;\"><em>Por Denise Gee Peacock<\/em><\/span><\/p>\n<p class=\"p3\">El D\u00eda Nacional de los Ni\u00f1os Desaparecidos ha sido durante mucho tiempo un punto de referencia para las familias de los ni\u00f1os desaparecidos, un puerto seguro para reunirse con profesionales de la protecci\u00f3n de menores que ese d\u00eda son reconocidos por el Departamento de Justicia de EE.UU. (DOJ) por ser los mejores en su trabajo.<\/p>\n<p class=\"p3\"><a href=\"https:\/\/ojjdp.ojp.gov\/media\/video\/40851#:~:text=On%20May%2022%2C%202024%2C%20OJJDP,from%20state%20social%20service%20agencies.\" target=\"_blank\" rel=\"noopener\">Este a\u00f1o<\/a>, esa estrella brill\u00f3 m\u00e1s que nunca, impulsada en gran medida por la inquebrantable labor de defensa de casi una docena de familiares supervivientes, incluidos padres y hermanos, que han soportado la pesadilla de un hijo, hermano o hermana desaparecido. Su presencia en la conmemoraci\u00f3n del 22 de mayo, y en los eventos relacionados, fue profundamente conmovedora, a pesar de que \u201ctodos pertenecemos a un club al que nadie quiere pertenecer\u201d, dice el padre superviviente Ahmad Rivazfar.<\/p>\n<p class=\"p3\"><img decoding=\"async\" class=\"alignleft wp-image-29998\" src=\"https:\/\/amberadvocate.org\/wp-content\/uploads\/2024\/07\/Liz-Ryan-quote.png\" alt=\"Fotograf\u00eda de la Administradora del OJJDP, Liz Ryan, con esta cita: \"Los familiares supervivientes conocen de primera mano el tormento, la confusi\u00f3n y el agotamiento emocional que supone perder a un hijo. Lo han vivido, y han canalizado ese dolor en recursos para ayudar a otros\".\" width=\"167\" height=\"571\" srcset=\"https:\/\/amberadvocate.org\/wp-content\/uploads\/2024\/07\/Liz-Ryan-quote.png 779w, https:\/\/amberadvocate.org\/wp-content\/uploads\/2024\/07\/Liz-Ryan-quote-88x300.png 88w, https:\/\/amberadvocate.org\/wp-content\/uploads\/2024\/07\/Liz-Ryan-quote-300x1024.png 300w, https:\/\/amberadvocate.org\/wp-content\/uploads\/2024\/07\/Liz-Ryan-quote-768x2625.png 768w, https:\/\/amberadvocate.org\/wp-content\/uploads\/2024\/07\/Liz-Ryan-quote-449x1536.png 449w, https:\/\/amberadvocate.org\/wp-content\/uploads\/2024\/07\/Liz-Ryan-quote-599x2048.png 599w\" sizes=\"(max-width: 167px) 100vw, 167px\" \/>Entre los miembros de ese club se encuentran padres y hermanos desesperados por encontrar a sus seres queridos desaparecidos, cuyo paradero sigue siendo desconocido. Tambi\u00e9n son familias que llorar\u00e1n para siempre a un ni\u00f1o que fue secuestrado, agredido sexualmente y asesinado; familias de ni\u00f1os sacados ilegalmente del pa\u00eds por un padre separado; familias que afortunadamente se han reunido con su hijo desaparecido, pero que ahora trabajan para volver a ser un todo. <\/p>\n<p class=\"p3\">Las historias de estos familiares supervivientes fueron inestimables para los debates durante los eventos del D\u00eda Nacional de los Ni\u00f1os Desaparecidos de 2024. El Programa de Capacitaci\u00f3n y Asistencia T\u00e9cnica de Alerta AMBER (AATTAP) y el Centro Nacional de Capacitaci\u00f3n en Justicia Penal (NCJTC) acogieron a los familiares en los eventos, con el apoyo de la Oficina de Programas de Justicia (OJP) del Departamento de Justicia y la Oficina de Justicia Juvenil y Prevenci\u00f3n de la Delincuencia (OJJDP). <\/p>\n<p class=\"p3\"><span style=\"color: #808080;\"><strong>El equipo de AATTAP-NCJTC y los familiares supervivientes se unieron para promocionar su trabajo en dos recursos actualizados del DOJ para padres y familias de ni\u00f1os desaparecidos: <em>Cuando tu hijo ha desaparecido: Una Gu\u00eda de Supervivencia Familiar<\/em> (publicada el a\u00f1o pasado) y la pr\u00f3xima gu\u00eda de supervivencia centrada en los hermanos,  <em>\u00bfY yo qu\u00e9? Encontrar tu camino cuando tu hermano o hermana ha desaparecido<\/em>.<\/strong><\/span><\/p>\n<h4 class=\"p3\"><span style=\"color: #993300;\">Colaboraci\u00f3n para un camino m\u00e1s claro<\/span><\/h4>\n<p class=\"p3\">El d\u00eda antes de la conmemoraci\u00f3n del D\u00eda Nacional de los Ni\u00f1os Desaparecidos, los familiares supervivientes visitaron la sede del Centro Nacional para Ni\u00f1os Desaparecidos y Explotados (NCMEC) en Alexandria, Virginia. Despu\u00e9s asistieron a una recepci\u00f3n privada de AATTAP en la que se reconocieron sus contribuciones para garantizar que los familiares de todo el pa\u00eds tengan acceso a la informaci\u00f3n y los recursos m\u00e1s recientes. <\/p>\n<p class=\"p3\">Tambi\u00e9n pudieron ver segmentos de v\u00eddeo de un proyecto de filmaci\u00f3n realizado a principios de este a\u00f1o, en el que los colaboradores de la pr\u00f3xima gu\u00eda de supervivencia para hermanos <em>What About Me?<\/em> compartieron sus ideas y consejos para ilustrar su contenido a los lectores. Los v\u00eddeos se ofrecer\u00e1n junto con la gu\u00eda para hermanos (tras su publicaci\u00f3n a finales de este a\u00f1o) en el <em>sitio web<\/em> de la <a href=\"https:\/\/familysurvival.amberadvocate.org\" target=\"_blank\" rel=\"noopener\">Gu\u00eda de Supervivencia Familiar<\/a>. <\/p>\n<p class=\"p3\">Durante la ceremonia del D\u00eda Nacional de los Ni\u00f1os Desaparecidos, el grupo recibi\u00f3 el agradecimiento por sus esfuerzos de la Fiscal General Adjunta de EE.UU. Amy L. Solomon, la Administradora de la OJJDP Liz Ryan y la Presidenta y Directora General del NCMEC Michelle DeLaune -as\u00ed como el aplauso de los asistentes- cuando se les pidi\u00f3 que se pusieran en pie para recibir un reconocimiento.<\/p>\n<p class=\"p3\">Tambi\u00e9n escucharon a Patty Wetterling, defensora de los padres y asociada jubilada de AATTAP-NCJTC, muy respetada a nivel nacional, que fue una de las oradoras destacadas en el evento. Wetterling es la madre de Jacob Wetterling, que fue secuestrado y asesinado en 1989. (Lea m\u00e1s sobre su b\u00fasqueda y su nuevo libro, <em>Dear Jacob<\/em>, <a href=\"https:\/\/amberadvocate.org\/es\/habla-amber\/portada-destacada-querido-jacob-las-nuevas-memorias-de-patty-wettering-madre-y-autora\/\" target=\"_blank\" rel=\"noopener\">aqu\u00ed<\/a>, y un extracto de su charla del D\u00eda de los Ni\u00f1os Desaparecidos m\u00e1s abajo). Wetterling tambi\u00e9n ayud\u00f3 a actualizar la nueva edici\u00f3n de la <a href=\"https:\/\/amberadvocate.org\/es\/caracteristica-ambar\/articulo-de-portada-la-nueva-guia-de-supervivencia-familiar\/\" target=\"_blank\" rel=\"noopener\"><em>Gu\u00eda de Supervivencia Familiar<\/em><\/a>, publicada en 2023.  <\/p>\n<p class=\"p3\">Durante la sesi\u00f3n, los familiares hablaron de sus experiencias al formar parte de estos proyectos de gu\u00edas de supervivencia, junto con sus necesidades y objetivos actuales como familiares supervivientes que han sufrido la desaparici\u00f3n de un hijo o un hermano.<\/p>\n<\/div>\n<\/div><\/div><div id=\"panel-30787-0-0-1\" class=\"so-panel widget widget_sow-editor\" data-index=\"1\" ><div\n\t\t\t\n\t\t\tclass=\"so-widget-sow-editor so-widget-sow-editor-base\"\n\t\t\t\n\t\t>\n<div class=\"siteorigin-widget-tinymce textwidget\">\n\t<p><img decoding=\"async\" class=\"aligncenter wp-image-30000 size-large\" src=\"https:\/\/amberadvocate.org\/wp-content\/uploads\/2024\/07\/Kimber-Biggs-quote-1-1024x384.png\" alt=\"Foto de las familiares supervivientes Kimber Biggs (derecha) y Pamela Foster (izquierda) con la Administradora de AATTAP Janell Rasmussen. Junto a la imagen aparece esta cita de Kimber Biggs, Asociada de AATTAP-NCJTC y hermana superviviente-contribuyente a la gu\u00eda de recursos de pr\u00f3xima publicaci\u00f3n \"\u00bfY yo qu\u00e9? C\u00f3mo encontrar tu camino cuando tu hermano o hermana ha desaparecido\": \"Hablar con el OJJDP sobre temas cruciales, trabajar con l\u00edderes dedicados de AATTAP y NCJTC, y colaborar con padres que irradian luz y fuerza, fue perspicaz e inspirador. Contribuye a mi curaci\u00f3n y me motiva a seguir escalando\".\" width=\"1024\" height=\"384\" srcset=\"https:\/\/amberadvocate.org\/wp-content\/uploads\/2024\/07\/Kimber-Biggs-quote-1-1024x384.png 1024w, https:\/\/amberadvocate.org\/wp-content\/uploads\/2024\/07\/Kimber-Biggs-quote-1-300x112.png 300w, https:\/\/amberadvocate.org\/wp-content\/uploads\/2024\/07\/Kimber-Biggs-quote-1-768x288.png 768w, https:\/\/amberadvocate.org\/wp-content\/uploads\/2024\/07\/Kimber-Biggs-quote-1-1536x575.png 1536w, https:\/\/amberadvocate.org\/wp-content\/uploads\/2024\/07\/Kimber-Biggs-quote-1-2048x767.png 2048w\" sizes=\"(max-width: 1024px) 100vw, 1024px\" \/><\/p>\n<p class=\"p3\">Tambi\u00e9n ofrecieron a los l\u00edderes de OJJDP y AATTAP recomendaciones sobre la mejor manera de apoyar a las familias y promover m\u00e1s ampliamente la concienciaci\u00f3n y la distribuci\u00f3n de recursos de importancia cr\u00edtica para las familias, las fuerzas del orden y los defensores de los menores.<\/p>\n<p class=\"p3\"><span style=\"color: #808080;\"><strong>Siguiendo el compromiso asumido por la administradora de la OJJDP, Ryan, el a\u00f1o pasado durante su impactante reuni\u00f3n con los colaboradores de la <em>Gu\u00eda de Supervivencia Familiar<\/em> al concluir la ceremonia del D\u00eda de los Ni\u00f1os Desaparecidos, el evento de este a\u00f1o incluy\u00f3 una mesa redonda familiar inaugural y privada con los familiares colaboradores de la gu\u00eda para hermanos.<\/strong><\/span><\/p>\n<h4 class=\"p3\"><span style=\"color: #993300;\">Hechos destacados de la conmemoraci\u00f3n<\/span><\/h4>\n<p class=\"p3\">Cada a\u00f1o, el DOJ rinde homenaje a organismos, organizaciones, agentes de las fuerzas de seguridad y otras personas cuyos esfuerzos ejemplares y heroicos han contribuido a recuperar a menores desaparecidos y a procesar a quienes les hacen da\u00f1o.<\/p>\n<p class=\"p3\">\u201cNuestra conmemoraci\u00f3n est\u00e1 adoptando un nuevo formato este a\u00f1o\u201d, explic\u00f3 Ryan. \u201cLa OJJDP decidi\u00f3 no solo destacar la tremenda labor de quienes protegen a los ni\u00f1os, sino tambi\u00e9n abordar los desaf\u00edos que plantea esta labor, para aprender m\u00e1s sobre los problemas relacionados con los ni\u00f1os desaparecidos y mantener conversaciones en profundidad con los j\u00f3venes y las familias de los ni\u00f1os desaparecidos y asesinados, as\u00ed como con otros expertos en estos temas\u201d. <\/p>\n<\/div>\n<\/div><\/div><div id=\"panel-30787-0-0-2\" class=\"so-panel widget widget_sow-editor panel-last-child\" data-index=\"2\" ><div\n\t\t\t\n\t\t\tclass=\"so-widget-sow-editor so-widget-sow-editor-base\"\n\t\t\t\n\t\t>\n<div class=\"siteorigin-widget-tinymce textwidget\">\n\t<p><a href=\"https:\/\/ojjdp.ojp.gov\/events\/nmcd\/2024-winning-state-posters\" target=\"_blank\" rel=\"noopener\"><img decoding=\"async\" class=\"aligncenter wp-image-30004 size-large\" src=\"https:\/\/amberadvocate.org\/wp-content\/uploads\/2024\/07\/Poster-images-1-1024x412.png\" alt=\"Hannah L., de quinto curso, de Carolina del Sur, sostiene una placa por haber ganado el concurso de carteles del D\u00eda Nacional de los Ni\u00f1os Desaparecidos 2024. La acompa\u00f1an su madre, la administradora de AATTAP Janell Rasmussen (izquierda) y el coordinador de la Alerta AMBER de Carolina del Sur Alex Schelble (derecha). Un enlace incrustado se\u00f1ala: \"Consulta los carteles ganadores de los estados participantes en el concurso del D\u00eda Nacional de los Ni\u00f1os Desaparecidos 2024 en bit.ly\/NMCD2024posters\". Tambi\u00e9n se muestra el cartel ganador de Hanna. Representa a ni\u00f1os encontrados como piezas perdidas de un puzzle, e incluye una cita suya: \"Quienes ayudan a recuperar a ni\u00f1os desaparecidos cambian por completo el panorama\".\" width=\"1024\" height=\"412\" srcset=\"https:\/\/amberadvocate.org\/wp-content\/uploads\/2024\/07\/Poster-images-1-1024x412.png 1024w, https:\/\/amberadvocate.org\/wp-content\/uploads\/2024\/07\/Poster-images-1-300x121.png 300w, https:\/\/amberadvocate.org\/wp-content\/uploads\/2024\/07\/Poster-images-1-768x309.png 768w, https:\/\/amberadvocate.org\/wp-content\/uploads\/2024\/07\/Poster-images-1-1536x618.png 1536w, https:\/\/amberadvocate.org\/wp-content\/uploads\/2024\/07\/Poster-images-1-2048x824.png 2048w\" sizes=\"(max-width: 1024px) 100vw, 1024px\" \/><\/a><\/p>\n<p class=\"p3\">Despu\u00e9s de la conmemoraci\u00f3n, un grupo de expertos, incluido un defensor de la juventud con experiencia en el sistema de acogida, se uni\u00f3 a un panel de discusi\u00f3n sobre por qu\u00e9 tantos ni\u00f1os y j\u00f3venes desaparecen de los centros de acogida. \u201cSugerir\u00e1n formas de mejorar la colaboraci\u00f3n y garantizar el bienestar de estos ni\u00f1os\u201d, dijo Ryan. A continuaci\u00f3n, reconoci\u00f3 a los miembros de la mesa redonda familiar: padres, hermanos y otras personas con un ser querido desaparecido. \u201cCada uno de ellos ha contribuido a dos documentos [de supervivencia] muy importantes\u201d.<\/p>\n<p class=\"p3\"><em>When Your Child Is Missing: A Family Survival Guide<\/em> se anunci\u00f3 en el evento del D\u00eda de los Ni\u00f1os Desaparecidos de 2023. La nueva quinta edici\u00f3n ofrece una gama m\u00e1s amplia de situaciones de ni\u00f1os desaparecidos; ofrece a las familias acceso instant\u00e1neo a la informaci\u00f3n en l\u00ednea; y les permite escuchar los consejos y el aliento de los propios padres, que hablan en v\u00eddeos impactantes. <\/p>\n<p class=\"p3\">Como ocurri\u00f3 con la <em>Gu\u00eda de Supervivencia Familiar<\/em>, el proyecto <em>What About Me?<\/em> fue desarrollado por el equipo de publicaciones de AATTAP con la orientaci\u00f3n y supervisi\u00f3n de la OJJDP. Ambas iniciativas fueron dirigidas por Helen Connelly, administradora de programas jubilada de FVTC-NCJTC que sigue compartiendo su experiencia como empleada asociada. <\/p>\n<h4 class=\"p3\"><span style=\"color: #993300;\">Mirando al pasado y al futuro<\/span><\/h4>\n<p class=\"p3\">\u201cComo saben, miles de ni\u00f1os desaparecen en Estados Unidos cada a\u00f1o\u201d, dijo Ryan. \u201cSi bien la mayor\u00eda se recuperan de forma segura, otros son encontrados fallecidos y nunca identificados. Actualmente hay m\u00e1s de 1.000 ni\u00f1os cuyos restos han sido encontrados, pero no han sido identificados. Queremos ayudar a darles un nombre y devolverlos a sus familias, comunidades y seres queridos\u201d. <\/p>\n<p class=\"p3\">El OJJDP y el NCMEC, con el apoyo del DOJ -y la formaci\u00f3n y asistencia t\u00e9cnica de la AATTAP y el NCJTC-, trabajar\u00e1n con las fuerzas del orden estatales y locales para identificar a estos menores, explic\u00f3 Ryan, y a\u00f1adi\u00f3: \"No se merecen menos\".<\/p>\n<p class=\"p3\"><span style=\"color: #808080;\"><strong>La pr\u00f3xima gu\u00eda de supervivencia para hermanos, <em>What About Me?<\/em>, ayudar\u00e1 a los hermanos de un ni\u00f1o desaparecido a comprender la agitaci\u00f3n emocional que rodea a la crisis, as\u00ed como el proceso de b\u00fasqueda. Ofrecer\u00e1 consejos fiables e informaci\u00f3n de primera mano sobre qu\u00e9 esperar; consejos para gestionar el cuidado personal y la din\u00e1mica familiar; y orientaci\u00f3n sobre c\u00f3mo tratar con las fuerzas del orden, los tribunales y los medios de comunicaci\u00f3n. <\/strong><\/span><\/p>\n<\/div>\n<\/div><\/div><\/div><\/div><div id=\"pg-30787-1\"  class=\"panel-grid panel-has-style\" ><div class=\"panel-row-style panel-row-style-for-30787-1\" ><div id=\"pgc-30787-1-0\"  class=\"panel-grid-cell\" ><div id=\"panel-30787-1-0-0\" class=\"so-panel widget widget_sow-editor panel-first-child panel-last-child\" data-index=\"3\" ><div class=\"panel-widget-style panel-widget-style-for-30787-1-0-0\" ><div\n\t\t\t\n\t\t\tclass=\"so-widget-sow-editor so-widget-sow-editor-base\"\n\t\t\t\n\t\t><h3 class=\"widget-title\">Patty Wetterling, defensora de los padres, al DOJ y al NCMEC: 'Salv\u00e1is vidas. Salvasteis la m\u00eda'.<\/h3>\n<div class=\"siteorigin-widget-tinymce textwidget\">\n\t<figure id=\"attachment_30007\" aria-describedby=\"caption-attachment-30007\" style=\"width: 279px\" class=\"wp-caption alignright\"><img decoding=\"async\" class=\" wp-image-30006\" src=\"https:\/\/amberadvocate.org\/wp-content\/uploads\/2024\/07\/Patty-with-Sherry-Bailey-NCMEC-scaled.jpg\" alt=\"Foto de dos mujeres con este pie de foto: Patty Wetterling (derecha) saluda a la Directora de Proyectos Especiales del NCMEC, Sherry Bailey, durante la visita de la familia de supervivientes a la sede del NCMEC en Arlington, Virginia.\" width=\"279\" height=\"399\" srcset=\"https:\/\/amberadvocate.org\/wp-content\/uploads\/2024\/07\/Patty-with-Sherry-Bailey-NCMEC-scaled.jpg 1793w, https:\/\/amberadvocate.org\/wp-content\/uploads\/2024\/07\/Patty-with-Sherry-Bailey-NCMEC-210x300.jpg 210w, https:\/\/amberadvocate.org\/wp-content\/uploads\/2024\/07\/Patty-with-Sherry-Bailey-NCMEC-717x1024.jpg 717w, https:\/\/amberadvocate.org\/wp-content\/uploads\/2024\/07\/Patty-with-Sherry-Bailey-NCMEC-768x1097.jpg 768w, https:\/\/amberadvocate.org\/wp-content\/uploads\/2024\/07\/Patty-with-Sherry-Bailey-NCMEC-1076x1536.jpg 1076w, https:\/\/amberadvocate.org\/wp-content\/uploads\/2024\/07\/Patty-with-Sherry-Bailey-NCMEC-1434x2048.jpg 1434w\" sizes=\"(max-width: 279px) 100vw, 279px\" \/><figcaption id=\"caption-attachment-30007\" class=\"wp-caption-text\">Patty Wetterling (derecha) saluda a la Directora de Proyectos Especiales de NCMEC, Sherry Bailey, durante la visita de los familiares supervivientes a la sede de NCMEC en Arlington, Virginia.<\/figcaption><\/figure>\n<p class=\"p1\">La presidenta y directora ejecutiva del NCMEC, Michelle DeLaune, dio la bienvenida a la defensora de los padres Patti Wetterling para que hablara, reconoci\u00e9ndola como \"una vieja amiga y una fuente personal de inspiraci\u00f3n\".<\/p>\n<p class=\"p1\">\u201cSu hijo, Jacob, que desapareci\u00f3 cuando ten\u00eda 11 a\u00f1os, fue secuestrado cerca de su casa en Minnesota\u201d, dijo DeLaune. \u201cPatty ha dedicado su vida a defender a su hijo. Ha criado una hermosa familia. Y es una madre feroz, una que cambia este mundo con cada persona con la que habla\u201d. <\/p>\n<p class=\"p1\">La fiscal general adjunta, Amy L. Solomon, a\u00f1adi\u00f3: \"Nos sentimos muy honrados de que hayas podido estar hoy con nosotros, Patty. Estamos en deuda contigo por tus a\u00f1os de defensa de los ni\u00f1os desaparecidos y por el trabajo que sigues haciendo para reclamar un futuro mejor para nuestros ni\u00f1os.\"<\/p>\n<p class=\"p1\">Lo que sigue es un extracto de las palabras que Wetterling pronunci\u00f3 en la conmemoraci\u00f3n del D\u00eda Nacional de los Ni\u00f1os Desaparecidos de este a\u00f1o.<\/p>\n<p class=\"p1\"><em>Quiero darte las gracias, Liz Ryan, por reunirte con este incre\u00edble grupo.  <\/em>[Wetterling hace un gesto al grupo de familiares supervivientes que asisten a la ceremonia]. <em>Yo pertenezco all\u00ed con ustedes, mi coraz\u00f3n est\u00e1 con ustedes y sacamos fuerzas de ustedes. Tambi\u00e9n quiero dar las gracias a todos en NCMEC y en el Departamento de Justicia. Ustedes salvan vidas. Ustedes salvaron la m\u00eda.    <\/em><\/p>\n<p class=\"p1\"><em>El D\u00eda Nacional de los Ni\u00f1os Desaparecidos es un momento para arrojar luz sobre un tema oscuro. Cuando mi hijo, Jacob, fue secuestrado, no sab\u00eda nada sobre los cr\u00edmenes contra los ni\u00f1os. \u2018\u00bfQui\u00e9n har\u00eda eso?\u2019, llor\u00e9, \u2018\u00bfQui\u00e9n har\u00eda da\u00f1o a un ni\u00f1o?\u2019. Es un dolor inimaginable.  <\/em><\/p>\n<p class=\"p1\"><em>Despu\u00e9s de unos d\u00edas, privada de sue\u00f1o y deprimida, me met\u00ed en la cama y me tap\u00e9 la cabeza con las s\u00e1banas, decidiendo que nunca m\u00e1s me levantar\u00eda de la cama. Es demasiado dif\u00edcil. Duele demasiado. No puedo hacerlo. Pero con l\u00e1grimas corriendo por mi cara, de repente vi a Jacob acurrucado en una bola en alg\u00fan lugar diciendo lo mismo. \u2018Ya no puedo m\u00e1s. Es demasiado dif\u00edcil. Nunca me van a encontrar\u2019.     <\/em><\/p>\n<p class=\"p1\"><em>Gritando, me levant\u00e9 y dije: \u2018\u00a1Espera Jacob, te encontraremos! \u00a1Pero tienes que mantenerte fuerte!\u2019. Me levant\u00e9 de la cama. Esa decisi\u00f3n de levantarme de la cama fue la primera de muchas decisiones que tuve que tomar. <\/em><\/p>\n<p class=\"p1\"><em>Eso fue en los primeros d\u00edas, y en los 34 a\u00f1os que han seguido, decid\u00ed que no pod\u00eda vivir en la oscuridad. Eleg\u00ed buscar la luz en su lugar. Eleg\u00ed luchar por el mundo que Jacob conoc\u00eda y amaba: un mundo que fuera justo, amable y seguro para los ni\u00f1os.  <\/em><\/p>\n<p class=\"p1\"><em>Cuando me dieron el n\u00famero de tel\u00e9fono del Centro Nacional para Ni\u00f1os Desaparecidos y Explotados, aprend\u00ed mucho sobre el problema: cu\u00e1ntos ni\u00f1os estaban desaparecidos y explotados, y lo que todos ten\u00edamos que hacer para traerlos a casa. La mayor\u00eda de los ni\u00f1os vuelven a casa porque alguien es consciente de su secuestro. Miran las fotos. Y si ven algo inusual en un ni\u00f1o, o a un ni\u00f1o en una mala situaci\u00f3n, conf\u00edan en sus instintos y llaman a la polic\u00eda.   <\/em><\/p>\n<p class=\"p1\"><em>Intentamos asegurarnos de que todo el mundo recibiera las fotos de Jacob. Tuvimos que enviar las fotos por correo en 1989. Las enviamos por todas partes. Mi historia favorita fue cuando una pareja viajaba de Minnesota a Florida y pens\u00f3 que hab\u00eda visto a Jacob. Reconocieron la foto y dijeron: \u2018Estaba con un hombre muy delgado, y no parec\u00eda que quisiera estar con este tipo\u2019. Pero no sab\u00edan a qui\u00e9n llamar. As\u00ed que finalmente llamaron al FBI en Minneapolis. Cuando describieron al hombre con el que estaba este chico, el agente del FBI supo de qui\u00e9n estaban hablando... y lo alcanz\u00f3 en Flagstaff, Arizona. Y claramente [el ni\u00f1o que encontraron con \u00e9l] no era Jacob.<\/em><\/p>\n<p class=\"p1\"><em>Pero al menos un ni\u00f1o de 12 a\u00f1os pudo volver a casa porque alguien era consciente del problema. Miraron las fotos y dieron ese paso adicional de estar ah\u00ed para el ni\u00f1o. En esos 34 a\u00f1os desde que Jacob fue secuestrado, he aprendido que somos m\u00e1s fuertes cuando ponemos en com\u00fan ideas y recursos a trav\u00e9s del <a href=\"https:\/\/www.missingkids.org\/gethelpnow\/support\/teamhope\" target=\"_blank\" rel=\"noopener\">Equipo HOPE<\/a> y las gu\u00edas de supervivencia para familias y hermanos, nos apoyamos mutuamente y ofrecemos asistencia a otras familias que recorren este dif\u00edcil camino.  <\/em><\/p>\n<p class=\"p1\"><span style=\"color: #808080;\"><strong><em>Tenemos que mantener a los ni\u00f1os desaparecidos en nuestros corazones hasta que podamos volver a tenerlos en nuestros brazos.<\/em><\/strong><\/span><\/p>\n<p class=\"p1\"><span style=\"color: #808080;\"><strong><em>Somos toda la esperanza para todos los ni\u00f1os desaparecidos, as\u00ed como para todos los ni\u00f1os que hoy est\u00e1n en casa sanos y salvos.<\/em><\/strong><\/span><\/p>\n<p class=\"p1\"><span style=\"color: #808080;\"><strong><em>Nunca podemos perder la esperanza.<\/em><\/strong><\/span><\/p>\n<p class=\"p1\"><span style=\"color: #808080;\"><strong><em>Y juntos podemos construir, y lo haremos, un mundo m\u00e1s seguro para todos nuestros hijos.<\/em><\/strong><\/span><\/p>\n<\/div>\n<\/div><\/div><\/div><\/div><\/div><\/div><\/div>","protected":false},"excerpt":{"rendered":"<p>Padres y hermanos de ni\u00f1os desaparecidos se re\u00fanen -y renuevan su compromiso de defensa- en el D\u00eda Nacional de los Ni\u00f1os Desaparecidos de este a\u00f1o en Washington, D.C.<\/p>\n","protected":false},"featured_media":30006,"template":"","magazine_tags":[587,592,626,615,599,608,594,620,589,612,622,611,607,489,623,625,621,624,618,588,610,603,598,473,606,595,597,469,605,596,609,590,488,613,619,627,602,591,614,628,604,593,601,600,617,616],"class_list":["post-30787","articles","type-articles","status-publish","has-post-thumbnail","hentry","magazine_category-spanish-amber-alert-in-action","magazine_category-spanish-amber-feature","magazine_category-spanish-home-page","issue-spanish-issue-59","magazine_tags-2024-national-missing-childrens-day","magazine_tags-ahmad-rivazfar","magazine_tags-alex-sarrano","magazine_tags-amber-alert-coordinator-alex-schelble","magazine_tags-amber-alert-training-technical-assistance-program","magazine_tags-dear-jacob","magazine_tags-doj","magazine_tags-dr-noelle-hunter","magazine_tags-family-survivor","magazine_tags-hanna-l","magazine_tags-heather-bisch","magazine_tags-helen-connelly","magazine_tags-jacob-wetterling","magazine_tags-janell-rasmussen","magazine_tags-jeffery-morehouse","magazine_tags-jenniffer-price-lehmann","magazine_tags-jim-antal","magazine_tags-kimber-biggs","magazine_tags-lou-ann-holland","magazine_tags-missing-and-murdered-children","magazine_tags-missing-from-care","magazine_tags-national-center-for-missing-exploited-children-ncmec","magazine_tags-national-criminal-justice-training-center","magazine_tags-ncjtc","magazine_tags-ncmec-president-and-ceo-michelle-delaune","magazine_tags-office-of-justice-programs","magazine_tags-office-of-juvenile-justice-and-delinquency-prevention","magazine_tags-ojjdp","magazine_tags-ojjdp-administrator-liz-ryan","magazine_tags-ojp","magazine_tags-pamela-foster","magazine_tags-parent-survivor","magazine_tags-patty-wetterling","magazine_tags-poster-contest-winner","magazine_tags-rysa-lee","magazine_tags-sherry-bailey","magazine_tags-sibling-survival-guide","magazine_tags-sibling-survivor","magazine_tags-south-carolina","magazine_tags-team-hope","magazine_tags-u-s-assistant-attorney-general-amy-l-solomon","magazine_tags-u-s-department-of-justice","magazine_tags-what-about-me-finding-your-path-when-your-brother-or-sister-is-missing","magazine_tags-when-your-child-is-missing-a-family-survival-guide","magazine_tags-yesenia-jesi-leon-baron","magazine_tags-yvonne-ambrose"],"meta_box":{"articles_subhead":"","articles_primary_category":[]},"publishpress_future_workflow_manual_trigger":{"enabledWorkflows":[]},"_links":{"self":[{"href":"https:\/\/amberadvocate.org\/es\/wp-json\/wp\/v2\/articles\/30787","targetHints":{"allow":["GET"]}}],"collection":[{"href":"https:\/\/amberadvocate.org\/es\/wp-json\/wp\/v2\/articles"}],"about":[{"href":"https:\/\/amberadvocate.org\/es\/wp-json\/wp\/v2\/types\/articles"}],"wp:featuredmedia":[{"embeddable":true,"href":"https:\/\/amberadvocate.org\/es\/wp-json\/wp\/v2\/media\/30006"}],"wp:attachment":[{"href":"https:\/\/amberadvocate.org\/es\/wp-json\/wp\/v2\/media?parent=30787"}],"wp:term":[{"taxonomy":"magazine_tags","embeddable":true,"href":"https:\/\/amberadvocate.org\/es\/wp-json\/wp\/v2\/magazine_tags?post=30787"}],"curies":[{"name":"wp","href":"https:\/\/api.w.org\/{rel}","templated":true}]}}