{"id":30755,"date":"2024-04-20T13:28:17","date_gmt":"2024-04-20T18:28:17","guid":{"rendered":"https:\/\/amberadvocate.org\/issues\/john-walsh-se-asocia-con-el-ncmec-y-vuelve-a-la-tv\/"},"modified":"2026-01-17T17:48:01","modified_gmt":"2026-01-17T23:48:01","slug":"john-walsh-se-asocia-con-el-ncmec-y-vuelve-a-la-tv","status":"publish","type":"articles","link":"https:\/\/amberadvocate.org\/es\/?articles=john-walsh-se-asocia-con-el-ncmec-y-vuelve-a-la-tv","title":{"rendered":"John Walsh se asocia con el NCMEC y vuelve a la TV"},"content":{"rendered":"<div id=\"pl-30755\"  class=\"panel-layout\" ><div id=\"pg-30755-0\"  class=\"panel-grid panel-no-style\" ><div id=\"pgc-30755-0-0\"  class=\"panel-grid-cell\" ><div id=\"panel-30755-0-0-0\" class=\"so-panel widget widget_media_image panel-first-child panel-last-child\" data-index=\"0\" ><img decoding=\"async\" width=\"300\" height=\"300\" src=\"https:\/\/amberadvocate.org\/wp-content\/uploads\/2024\/05\/3-U.S.-John-Walsh-AMW-e1713619824259-300x300.jpg\" class=\"image wp-image-25158  attachment-medium size-medium\" alt=\"\" style=\"max-width: 100%; height: auto;\" srcset=\"https:\/\/amberadvocate.org\/wp-content\/uploads\/2024\/05\/3-U.S.-John-Walsh-AMW-e1713619824259-300x300.jpg 300w, https:\/\/amberadvocate.org\/wp-content\/uploads\/2024\/05\/3-U.S.-John-Walsh-AMW-e1713619824259-150x150.jpg 150w, https:\/\/amberadvocate.org\/wp-content\/uploads\/2024\/05\/3-U.S.-John-Walsh-AMW-e1713619824259-768x768.jpg 768w, https:\/\/amberadvocate.org\/wp-content\/uploads\/2024\/05\/3-U.S.-John-Walsh-AMW-e1713619824259.jpg 837w\" sizes=\"(max-width: 300px) 100vw, 300px\" \/><\/div><\/div><div id=\"pgc-30755-0-1\"  class=\"panel-grid-cell\" ><div id=\"panel-30755-0-1-0\" class=\"so-panel widget widget_sow-editor panel-first-child panel-last-child\" data-index=\"1\" ><div\n\t\t\t\n\t\t\tclass=\"so-widget-sow-editor so-widget-sow-editor-base\"\n\t\t\t\n\t\t>\n<div class=\"siteorigin-widget-tinymce textwidget\">\n\t<p>Tras el secuestro y asesinato de su hijo Adam en 1981, <a href=\"https:\/\/en.wikipedia.org\/wiki\/John_Walsh_(television_host)\"><strong>John Walsh<\/strong><\/a> se convirti\u00f3 en activista por los derechos de las v\u00edctimas, lobista pol\u00edtico y creador del programa de televisi\u00f3n \"America's Most Wanted\", que present\u00f3 hasta 2013. Se atribuy\u00f3 al popular programa el m\u00e9rito de haber ayudado a resolver casos de ni\u00f1os desaparecidos, incluido el secuestro de Elizabeth Smart, que apareci\u00f3 en uno de sus episodios. En enero, Walsh regres\u00f3 a \"America's Most Wanted\", esta vez con su hijo Callahan Walsh como copresentador y coproductor. Para ayudar a encontrar a m\u00e1s ni\u00f1os desaparecidos, \"America's Most Wanted\" tambi\u00e9n est\u00e1 trabajando directamente con el Centro Nacional para Ni\u00f1os Desaparecidos y Explotados (NCMEC). \"La asociaci\u00f3n con <a href=\"https:\/\/www.missingkids.org\/blog\/2024\/reviving-justice-amw-returns\"><strong>NCMEC<\/strong><\/a> es vital para el regreso de 'America's Most Wanted'\", dijo Callahan, quien tambi\u00e9n es el director ejecutivo de la oficina de NCMEC en Florida. \"Al presentar estos casos en el programa, estamos poniendo a estos ni\u00f1os desaparecidos frente a una audiencia nacional... Va a ser una herramienta muy poderosa para ayudar a traer a los ni\u00f1os a casa\".<\/p>\n<\/div>\n<\/div><\/div><\/div><\/div><\/div>","protected":false},"excerpt":{"rendered":"<p>Tras el secuestro y asesinato de su hijo Adam en 1981, John Walsh se convirti\u00f3 en activista por los derechos de las v\u00edctimas, lobista pol\u00edtico y creador del programa de televisi\u00f3n \u00abAmerica&#8217;s Most Wanted\u00bb, que present\u00f3 hasta 2013. Se atribuy\u00f3 al popular programa el m\u00e9rito de haber ayudado a resolver casos de ni\u00f1os desaparecidos, incluido [&hellip;]<\/p>\n","protected":false},"featured_media":25158,"template":"","magazine_tags":[],"class_list":["post-30755","articles","type-articles","status-publish","has-post-thumbnail","hentry","magazine_category-informes-ee-uu","issue-spanish-issue-58"],"meta_box":{"articles_subhead":"","articles_primary_category":[]},"publishpress_future_workflow_manual_trigger":{"enabledWorkflows":[]},"_links":{"self":[{"href":"https:\/\/amberadvocate.org\/es\/wp-json\/wp\/v2\/articles\/30755","targetHints":{"allow":["GET"]}}],"collection":[{"href":"https:\/\/amberadvocate.org\/es\/wp-json\/wp\/v2\/articles"}],"about":[{"href":"https:\/\/amberadvocate.org\/es\/wp-json\/wp\/v2\/types\/articles"}],"wp:featuredmedia":[{"embeddable":true,"href":"https:\/\/amberadvocate.org\/es\/wp-json\/wp\/v2\/media\/25158"}],"wp:attachment":[{"href":"https:\/\/amberadvocate.org\/es\/wp-json\/wp\/v2\/media?parent=30755"}],"wp:term":[{"taxonomy":"magazine_tags","embeddable":true,"href":"https:\/\/amberadvocate.org\/es\/wp-json\/wp\/v2\/magazine_tags?post=30755"}],"curies":[{"name":"wp","href":"https:\/\/api.w.org\/{rel}","templated":true}]}}