{"id":30720,"date":"2024-04-19T19:11:45","date_gmt":"2024-04-20T00:11:45","guid":{"rendered":"https:\/\/amberadvocate.org\/issues\/instagram-ya-comparte-las-alertas-amber\/"},"modified":"2025-11-01T14:07:51","modified_gmt":"2025-11-01T19:07:51","slug":"instagram-ya-comparte-las-alertas-amber","status":"publish","type":"articles","link":"https:\/\/amberadvocate.org\/es\/?articles=instagram-ya-comparte-las-alertas-amber","title":{"rendered":"Instagram ya comparte las alertas AMBER"},"content":{"rendered":"<p>Instagram ahora publica Alertas AMBER para notificar al p\u00fablico sobre ni\u00f1os secuestrados. Las alertas se est\u00e1n colocando en la plataforma de redes sociales en los EE. UU. y otros 24 pa\u00edses. Meta, el grupo matriz de Instagram y Facebook, dijo que Instagram compartir\u00e1 las alertas en un \u00e1rea designada seg\u00fan la direcci\u00f3n IP y la ubicaci\u00f3n del usuario. Las Alertas AMBER se han publicado en Facebook desde 2015. Google comenz\u00f3 a emitir las alertas a los usuarios de sus herramientas de B\u00fasqueda y Mapas en 2012. \u201cCon esta actualizaci\u00f3n, si una Alerta AMBER es activada por la polic\u00eda y usted se encuentra en el \u00e1rea de b\u00fasqueda designada, la alerta ahora aparecer\u00e1 en su feed de Instagram\u201d, dijo la directora de Confianza y Seguridad de Meta, Emily Vacher. Las publicaciones de Instagram forman parte de una asociaci\u00f3n con el Centro Nacional para Ni\u00f1os Desaparecidos y Explotados.      <\/p>\n","protected":false},"excerpt":{"rendered":"<p>Instagram ahora publica Alertas AMBER para notificar al p\u00fablico sobre ni\u00f1os secuestrados. Las alertas se est\u00e1n colocando en la plataforma de redes sociales en los EE. UU. y otros 24 pa\u00edses. Meta, el grupo matriz de Instagram y Facebook, dijo que Instagram compartir\u00e1 las alertas en un \u00e1rea designada seg\u00fan la direcci\u00f3n IP y la [&hellip;]<\/p>\n","protected":false},"featured_media":13835,"template":"","magazine_tags":[],"class_list":["post-30720","articles","type-articles","status-publish","has-post-thumbnail","hentry","magazine_category-informes-ee-uu","issue-spanish-issue-51"],"meta_box":{"articles_subhead":"","articles_primary_category":[]},"publishpress_future_workflow_manual_trigger":{"enabledWorkflows":[]},"_links":{"self":[{"href":"https:\/\/amberadvocate.org\/es\/wp-json\/wp\/v2\/articles\/30720","targetHints":{"allow":["GET"]}}],"collection":[{"href":"https:\/\/amberadvocate.org\/es\/wp-json\/wp\/v2\/articles"}],"about":[{"href":"https:\/\/amberadvocate.org\/es\/wp-json\/wp\/v2\/types\/articles"}],"wp:featuredmedia":[{"embeddable":true,"href":"https:\/\/amberadvocate.org\/es\/wp-json\/wp\/v2\/media\/13835"}],"wp:attachment":[{"href":"https:\/\/amberadvocate.org\/es\/wp-json\/wp\/v2\/media?parent=30720"}],"wp:term":[{"taxonomy":"magazine_tags","embeddable":true,"href":"https:\/\/amberadvocate.org\/es\/wp-json\/wp\/v2\/magazine_tags?post=30720"}],"curies":[{"name":"wp","href":"https:\/\/api.w.org\/{rel}","templated":true}]}}