{"id":30709,"date":"2024-04-19T19:25:04","date_gmt":"2024-04-20T00:25:04","guid":{"rendered":"https:\/\/amberadvocate.org\/issues\/quebec-lanzara-la-alerta-plateada-para-las-personas-mayores-desaparecidas\/"},"modified":"2025-11-01T14:06:10","modified_gmt":"2025-11-01T19:06:10","slug":"quebec-lanzara-la-alerta-plateada-para-las-personas-mayores-desaparecidas","status":"publish","type":"articles","link":"https:\/\/amberadvocate.org\/es\/?articles=quebec-lanzara-la-alerta-plateada-para-las-personas-mayores-desaparecidas","title":{"rendered":"Quebec lanzar\u00e1 la Alerta Plateada para las personas mayores desaparecidas"},"content":{"rendered":"<p class=\"sow-headline\">La fuerza policial provincial de Quebec, la S\u00fbret\u00e9 du Qu\u00e9bec, planea lanzar un programa piloto de Alerta Plateada para ayudar a encontrar a personas mayores desaparecidas. La agencia policial estima que 800 personas mayores desaparecidas cumplir\u00edan los requisitos para la alerta cada a\u00f1o. La Alerta Plateada enviar\u00eda al p\u00fablico informaci\u00f3n esencial cuando una persona mayor con problemas neurocognitivos, como la enfermedad de Alzheimer, desaparezca. Inicialmente, la polic\u00eda se opon\u00eda a la alerta, por temor a que desensibilizara la respuesta del p\u00fablico a las Alertas AMBER.   <\/p>\n<div class=\"decoration\">\n<div class=\"decoration-inside\"><\/div>\n<\/div>\n","protected":false},"excerpt":{"rendered":"<p>La fuerza policial provincial de Quebec, la S\u00fbret\u00e9 du Qu\u00e9bec, planea lanzar un programa piloto de Alerta Plateada para ayudar a encontrar a personas mayores desaparecidas. La agencia policial estima que 800 personas mayores desaparecidas cumplir\u00edan los requisitos para la alerta cada a\u00f1o. La Alerta Plateada enviar\u00eda al p\u00fablico informaci\u00f3n esencial cuando una persona mayor [&hellip;]<\/p>\n","protected":false},"featured_media":13829,"template":"","magazine_tags":[],"class_list":["post-30709","articles","type-articles","status-publish","has-post-thumbnail","hentry","magazine_category-informes-internacionales","issue-spanish-issue-51"],"meta_box":{"articles_subhead":"","articles_primary_category":[]},"publishpress_future_workflow_manual_trigger":{"enabledWorkflows":[]},"_links":{"self":[{"href":"https:\/\/amberadvocate.org\/es\/wp-json\/wp\/v2\/articles\/30709","targetHints":{"allow":["GET"]}}],"collection":[{"href":"https:\/\/amberadvocate.org\/es\/wp-json\/wp\/v2\/articles"}],"about":[{"href":"https:\/\/amberadvocate.org\/es\/wp-json\/wp\/v2\/types\/articles"}],"wp:featuredmedia":[{"embeddable":true,"href":"https:\/\/amberadvocate.org\/es\/wp-json\/wp\/v2\/media\/13829"}],"wp:attachment":[{"href":"https:\/\/amberadvocate.org\/es\/wp-json\/wp\/v2\/media?parent=30709"}],"wp:term":[{"taxonomy":"magazine_tags","embeddable":true,"href":"https:\/\/amberadvocate.org\/es\/wp-json\/wp\/v2\/magazine_tags?post=30709"}],"curies":[{"name":"wp","href":"https:\/\/api.w.org\/{rel}","templated":true}]}}