{"id":30687,"date":"2024-04-20T17:39:36","date_gmt":"2024-04-20T22:39:36","guid":{"rendered":"https:\/\/amberadvocate.org\/issues\/missing-children-europe-reflexiona-sobre-el-exito-de-20-anos-pero-hay-que-seguir-trabajando\/"},"modified":"2025-11-01T14:17:44","modified_gmt":"2025-11-01T19:17:44","slug":"missing-children-europe-reflexiona-sobre-el-exito-de-20-anos-pero-hay-que-seguir-trabajando","status":"publish","type":"articles","link":"https:\/\/amberadvocate.org\/es\/?articles=missing-children-europe-reflexiona-sobre-el-exito-de-20-anos-pero-hay-que-seguir-trabajando","title":{"rendered":"Missing Children Europe reflexiona sobre el \u00e9xito de 20 a\u00f1os \u00abpero hay que seguir trabajando\u00bb."},"content":{"rendered":"<div id=\"pl-30687\"  class=\"panel-layout\" ><div id=\"pg-30687-0\"  class=\"panel-grid panel-no-style\" ><div id=\"pgc-30687-0-0\"  class=\"panel-grid-cell\" ><div id=\"panel-30687-0-0-0\" class=\"so-panel widget widget_sow-editor panel-first-child panel-last-child\" data-index=\"0\" ><div\n\t\t\t\n\t\t\tclass=\"so-widget-sow-editor so-widget-sow-editor-base\"\n\t\t\t\n\t\t>\n<div class=\"siteorigin-widget-tinymce textwidget\">\n\t<p>El grupo Missing Children Europe se fund\u00f3 en 2001 para proteger a los ni\u00f1os de la desaparici\u00f3n. El grupo coordina una amplia red de l\u00edneas directas para ni\u00f1os desaparecidos y mediadores familiares transfronterizos en toda Europa. El grupo celebr\u00f3 recientemente su 20<g id=\"gid_0\">o<\/g> aniversario en un evento repleto de famosos. Pero el objetivo principal del evento era destacar el <a href=\"https:\/\/missingchildreneurope.eu\/20-years-of-action-for-missing-children\/\" target=\"_blank\" rel=\"noopener\">hecho<\/a> de que, desde el lanzamiento de sus l\u00edneas directas en 2007, los operadores de toda Europa han respondido a m\u00e1s de dos millones de llamadas y han apoyado m\u00e1s de 70.000 casos relacionados con ni\u00f1os desaparecidos. Esas cifras se vieron atenuadas por esta realidad igualmente cruda: \u201cLa guerra de Ucrania y la expansi\u00f3n de Internet, con sus oportunidades y riesgos de da\u00f1o para los ni\u00f1os, son solo dos de los desaf\u00edos m\u00e1s recientes que deben abordarse\u201d, dijo Missing Children Europe. La organizaci\u00f3n planea continuar protegiendo y empoderando mejor a los ni\u00f1os en riesgo a trav\u00e9s de la investigaci\u00f3n, la promoci\u00f3n, la capacitaci\u00f3n y la educaci\u00f3n.     <\/p>\n<\/div>\n<\/div><\/div><\/div><\/div><\/div>","protected":false},"excerpt":{"rendered":"<p>El grupo Missing Children Europe se fund\u00f3 en 2001 para proteger a los ni\u00f1os de la desaparici\u00f3n. El grupo coordina una amplia red de l\u00edneas directas para ni\u00f1os desaparecidos y mediadores familiares transfronterizos en toda Europa. El grupo celebr\u00f3 recientemente su 20o aniversario en un evento repleto de famosos. Pero el objetivo principal del evento [&hellip;]<\/p>\n","protected":false},"featured_media":25329,"template":"","magazine_tags":[],"class_list":["post-30687","articles","type-articles","status-publish","has-post-thumbnail","hentry","magazine_category-informes-internacionales","issue-spanish-issue-53"],"meta_box":{"articles_subhead":"","articles_primary_category":[]},"publishpress_future_workflow_manual_trigger":{"enabledWorkflows":[]},"_links":{"self":[{"href":"https:\/\/amberadvocate.org\/es\/wp-json\/wp\/v2\/articles\/30687","targetHints":{"allow":["GET"]}}],"collection":[{"href":"https:\/\/amberadvocate.org\/es\/wp-json\/wp\/v2\/articles"}],"about":[{"href":"https:\/\/amberadvocate.org\/es\/wp-json\/wp\/v2\/types\/articles"}],"wp:featuredmedia":[{"embeddable":true,"href":"https:\/\/amberadvocate.org\/es\/wp-json\/wp\/v2\/media\/25329"}],"wp:attachment":[{"href":"https:\/\/amberadvocate.org\/es\/wp-json\/wp\/v2\/media?parent=30687"}],"wp:term":[{"taxonomy":"magazine_tags","embeddable":true,"href":"https:\/\/amberadvocate.org\/es\/wp-json\/wp\/v2\/magazine_tags?post=30687"}],"curies":[{"name":"wp","href":"https:\/\/api.w.org\/{rel}","templated":true}]}}