{"id":30685,"date":"2024-04-21T19:07:09","date_gmt":"2024-04-22T00:07:09","guid":{"rendered":"https:\/\/amberadvocate.org\/issues\/informe-los-ninos-migrantes-siguen-desaparecidos-en-irlanda\/"},"modified":"2026-01-17T18:02:23","modified_gmt":"2026-01-18T00:02:23","slug":"informe-los-ninos-migrantes-siguen-desaparecidos-en-irlanda","status":"publish","type":"articles","link":"https:\/\/amberadvocate.org\/es\/?articles=informe-los-ninos-migrantes-siguen-desaparecidos-en-irlanda","title":{"rendered":"Informe: Los ni\u00f1os migrantes siguen desaparecidos en Irlanda"},"content":{"rendered":"<div id=\"pl-30685\"  class=\"panel-layout\" ><div id=\"pg-30685-0\"  class=\"panel-grid panel-no-style\" ><div id=\"pgc-30685-0-0\"  class=\"panel-grid-cell\" ><div id=\"panel-30685-0-0-0\" class=\"so-panel widget widget_media_image panel-first-child panel-last-child\" data-index=\"0\" ><img decoding=\"async\" width=\"300\" height=\"300\" src=\"https:\/\/amberadvocate.org\/wp-content\/uploads\/2024\/05\/3-Ireland-e1713726417163-300x300.png\" class=\"image wp-image-25375  attachment-medium size-medium\" alt=\"Silueta digital de un ni\u00f1o\" style=\"max-width: 100%; height: auto;\" srcset=\"https:\/\/amberadvocate.org\/wp-content\/uploads\/2024\/05\/3-Ireland-e1713726417163-300x300.png 300w, https:\/\/amberadvocate.org\/wp-content\/uploads\/2024\/05\/3-Ireland-e1713726417163-150x150.png 150w, https:\/\/amberadvocate.org\/wp-content\/uploads\/2024\/05\/3-Ireland-e1713726417163.png 564w\" sizes=\"(max-width: 300px) 100vw, 300px\" \/><\/div><\/div><div id=\"pgc-30685-0-1\"  class=\"panel-grid-cell\" ><div id=\"panel-30685-0-1-0\" class=\"so-panel widget widget_sow-editor panel-first-child panel-last-child\" data-index=\"1\" ><div\n\t\t\t\n\t\t\tclass=\"so-widget-sow-editor so-widget-sow-editor-base\"\n\t\t\t\n\t\t>\n<div class=\"siteorigin-widget-tinymce textwidget\">\n\t<p>Decenas de ni\u00f1os migrantes que buscaban protecci\u00f3n tras huir de pa\u00edses devastados por la guerra han desaparecido en Irlanda desde 2017. Un <a href=\"https:\/\/www.thejournal.ie\/kids-in-care-missing-migrants-6247208-Dec2023\/\"><strong>informe<\/strong><\/a> de 2023 publicado por el Programa de Investigaci\u00f3n sobre Explotaci\u00f3n Sexual (SERP) del University College Dublin (UCD) indica que algunos de los ni\u00f1os fueron v\u00edctimas de explotaci\u00f3n sexual organizada. De los 62 desaparecidos, 44 han cumplido 18 a\u00f1os y, como ya no son menores de edad, los servicios de protecci\u00f3n de menores han dejado de buscarlos. MECPATHS (Mercy Efforts for Child Protection Against Trafficking with the Hospitality and Services Sectors), un grupo sin \u00e1nimo de lucro que sensibiliza sobre la trata y la explotaci\u00f3n infantil en Irlanda, declar\u00f3 que el informe confirmaba lo que los trabajadores de primera l\u00ednea llevan a\u00f1os comunicando a la organizaci\u00f3n. \u201cExplotaci\u00f3n sexual, trabajo forzado, mendicidad forzada, explotaci\u00f3n criminal, matrimonio forzado, extracci\u00f3n de \u00f3rganos y servidumbre dom\u00e9stica: todo esto est\u00e1 ocurriendo en Irlanda\u201d, declar\u00f3 Ann Mara, responsable de educaci\u00f3n de la organizaci\u00f3n. \u201cAs\u00ed que, el hecho de que estos ni\u00f1os est\u00e9n desaparecidos, y que haya una especie de encogimiento de hombros, es simplemente alucinante\u201d.     <\/p>\n<\/div>\n<\/div><\/div><\/div><\/div><\/div>","protected":false},"excerpt":{"rendered":"<p>Decenas de ni\u00f1os migrantes que buscaban protecci\u00f3n tras huir de pa\u00edses devastados por la guerra han desaparecido en Irlanda desde 2017. Un informe de 2023 publicado por el Programa de Investigaci\u00f3n sobre Explotaci\u00f3n Sexual (SERP) del University College Dublin (UCD) indica que algunos de los ni\u00f1os fueron v\u00edctimas de explotaci\u00f3n sexual organizada. De los 62 [&hellip;]<\/p>\n","protected":false},"featured_media":25375,"template":"","magazine_tags":[],"class_list":["post-30685","articles","type-articles","status-publish","has-post-thumbnail","hentry","magazine_category-informes-internacionales","issue-spanish-issue-58"],"meta_box":{"articles_subhead":"","articles_primary_category":[]},"publishpress_future_workflow_manual_trigger":{"enabledWorkflows":[]},"_links":{"self":[{"href":"https:\/\/amberadvocate.org\/es\/wp-json\/wp\/v2\/articles\/30685","targetHints":{"allow":["GET"]}}],"collection":[{"href":"https:\/\/amberadvocate.org\/es\/wp-json\/wp\/v2\/articles"}],"about":[{"href":"https:\/\/amberadvocate.org\/es\/wp-json\/wp\/v2\/types\/articles"}],"wp:featuredmedia":[{"embeddable":true,"href":"https:\/\/amberadvocate.org\/es\/wp-json\/wp\/v2\/media\/25375"}],"wp:attachment":[{"href":"https:\/\/amberadvocate.org\/es\/wp-json\/wp\/v2\/media?parent=30685"}],"wp:term":[{"taxonomy":"magazine_tags","embeddable":true,"href":"https:\/\/amberadvocate.org\/es\/wp-json\/wp\/v2\/magazine_tags?post=30685"}],"curies":[{"name":"wp","href":"https:\/\/api.w.org\/{rel}","templated":true}]}}