{"id":30624,"date":"2024-01-26T23:16:51","date_gmt":"2024-01-27T05:16:51","guid":{"rendered":"https:\/\/amberadvocate.org\/issues\/en-primera-linea-se-necesita-una-aldea\/"},"modified":"2025-11-01T14:18:12","modified_gmt":"2025-11-01T19:18:12","slug":"en-primera-linea-se-necesita-una-aldea","status":"publish","type":"articles","link":"https:\/\/amberadvocate.org\/es\/?articles=en-primera-linea-se-necesita-una-aldea","title":{"rendered":"En primera l\u00ednea: Se necesita una aldea"},"content":{"rendered":"<figure id=\"attachment_28842\" aria-describedby=\"caption-attachment-28842\" style=\"width: 419px\" class=\"wp-caption alignright\"><img decoding=\"async\" class=\" wp-image-21659\" src=\"https:\/\/amberadvocate.org\/wp-content\/uploads\/2024\/01\/FL-image-1-scaled.jpg\" alt=\"Foto de Carlos Morales Rojas, Enlace de la Coordinaci\u00f3n Nacional Alerta Amber de M\u00e9xico. En una conferencia regional, mostr\u00f3 los rostros de ni\u00f1os desaparecidos, mientras trabajaba en un caso en desarrollo que provoc\u00f3 la emisi\u00f3n de una Alerta AMBER nacional.\" width=\"419\" height=\"327\" srcset=\"https:\/\/amberadvocate.org\/wp-content\/uploads\/2024\/01\/FL-image-1-scaled.jpg 2560w, https:\/\/amberadvocate.org\/wp-content\/uploads\/2024\/01\/FL-image-1-300x234.jpg 300w, https:\/\/amberadvocate.org\/wp-content\/uploads\/2024\/01\/FL-image-1-1024x798.jpg 1024w, https:\/\/amberadvocate.org\/wp-content\/uploads\/2024\/01\/FL-image-1-768x599.jpg 768w, https:\/\/amberadvocate.org\/wp-content\/uploads\/2024\/01\/FL-image-1-1536x1198.jpg 1536w, https:\/\/amberadvocate.org\/wp-content\/uploads\/2024\/01\/FL-image-1-2048x1597.jpg 2048w\" sizes=\"(max-width: 419px) 100vw, 419px\" \/><figcaption id=\"caption-attachment-28842\" class=\"wp-caption-text\">Carlos Morales Rojas, Enlace de la Coordinaci\u00f3n Nacional Alerta Amber de M\u00e9xico, mostr\u00f3 los rostros de los ni\u00f1os desaparecidos mientras trabajaba en el desarrollo de un caso que provoc\u00f3 la emisi\u00f3n de una Alerta AMBER nacional.<\/figcaption><\/figure>\n<p><em>Por Rebecca Sherman<\/em><\/p>\n<p>En la ma\u00f1ana del 29 de agosto de 2023, mientras los coordinadores de Alerta AMBER del norte de M\u00e9xico se reun\u00edan en un sal\u00f3n de baile de un hotel de Monterrey para una conferencia de capacitaci\u00f3n de tres d\u00edas sobre protecci\u00f3n infantil con altos funcionarios estadounidenses, una emergencia de secuestro de ni\u00f1os<br \/>\nde la vida real se desarrollaba tras bambalinas.<\/p>\n<p style=\"font-weight: 400;\">Horas antes, y a unas 230 millas de distancia, Angela Ch\u00e1vez, de 15 meses, hab\u00eda sido sacada de su casa en Ciudad Ju\u00e1rez, Chihuahua, por delincuentes armados durante un asalto a una vivienda que dej\u00f3 muertos a sus padres y a otro adulto.<\/p>\n<p style=\"font-weight: 400;\">La abuela desconsolada de Angela descubri\u00f3 su desaparici\u00f3n al llegar a la casa con las autoridades locales despu\u00e9s de los asesinatos. Al darse cuenta de que la beb\u00e9 corr\u00eda un grave peligro, los funcionarios notificaron de inmediato a Yubia Yumiko Ayala Narv\u00e1ez, Coordinadora Regional de la Unidad de Violencia de G\u00e9nero de la <g id=\"gid_0\">Regional <\/g><g id=\"gid_1\">de la Fiscal\u00eda del Estado de Chihuahua<\/g>. Pero, como muchos de sus colegas en M\u00e9xico, Narv\u00e1ez se encontraba en la conferencia, organizada por la Oficina de Desarrollo, Asistencia y Capacitaci\u00f3n de la Fiscal\u00eda en el Extranjero del Departamento de Justicia de los Estados Unidos (<a href=\"https:\/\/www.justice.gov\/criminal\/criminal-opdat\"><strong>OPDAT<\/strong><\/a>) (con sede en la Embajada de los Estados Unidos en Ciudad de M\u00e9xico) y a la que asistieron l\u00edderes del Programa de Capacitaci\u00f3n y Asistencia T\u00e9cnica de Alerta AMBER (<a href=\"https:\/\/amberadvocate.org\/\"><strong>AATTAP<\/strong><\/a>).  <\/p>\n<p><img decoding=\"async\" class=\"alignleft wp-image-21660\" src=\"https:\/\/amberadvocate.org\/wp-content\/uploads\/2024\/01\/FL-image-2-1024x575.jpg\" alt=\"\" width=\"474\" height=\"266\" srcset=\"https:\/\/amberadvocate.org\/wp-content\/uploads\/2024\/01\/FL-image-2-1024x575.jpg 1024w, https:\/\/amberadvocate.org\/wp-content\/uploads\/2024\/01\/FL-image-2-300x168.jpg 300w, https:\/\/amberadvocate.org\/wp-content\/uploads\/2024\/01\/FL-image-2-768x431.jpg 768w, https:\/\/amberadvocate.org\/wp-content\/uploads\/2024\/01\/FL-image-2.jpg 1348w\" sizes=\"(max-width: 474px) 100vw, 474px\" \/>Incluso durante el evento, Narv\u00e1ez discretamente entr\u00f3 en acci\u00f3n, emitiendo una <a href=\"https:\/\/fgr.org.mx\/swb\/alertaamber\"><strong><em>Alerta Amber<\/em><\/strong><\/a> regional, la versi\u00f3n mexicana de una Alerta AMBER estadounidense. Se distribuyeron carteles de Angela, una ni\u00f1a angelical con grandes ojos marrones, en las redes sociales, y las alertas sonaron en los tel\u00e9fonos celulares de toda la regi\u00f3n.<\/p>\n<p style=\"font-weight: 400;\">Narv\u00e1ez tambi\u00e9n inform\u00f3 a Carlos Morales Rojas, otro asistente a la conferencia, sobre la situaci\u00f3n. Como Enlace de Coordinaci\u00f3n Nacional de <em>Alerta Amber<\/em>, Rojas trabaja con los 32 coordinadores estatales de Alerta AMBER de M\u00e9xico y tiene su sede en la Fiscal\u00eda Especializada en Delitos de Violencia contra las Mujeres y Trata de Personas de la <em>Fiscal\u00eda General de la Rep\u00fablica<\/em> (FGR). <\/p>\n<figure id=\"attachment_28845\" aria-describedby=\"caption-attachment-28845\" style=\"width: 320px\" class=\"wp-caption alignright\"><img decoding=\"async\" class=\" wp-image-21662\" src=\"https:\/\/amberadvocate.org\/wp-content\/uploads\/2024\/01\/FL-image-4.jpg\" alt=\"Una vista de los asistentes a la conferencia.\" width=\"320\" height=\"423\" srcset=\"https:\/\/amberadvocate.org\/wp-content\/uploads\/2024\/01\/FL-image-4.jpg 736w, https:\/\/amberadvocate.org\/wp-content\/uploads\/2024\/01\/FL-image-4-227x300.jpg 227w\" sizes=\"(max-width: 320px) 100vw, 320px\" \/><figcaption id=\"caption-attachment-28845\" class=\"wp-caption-text\">Una vista de los asistentes a la conferencia.<\/figcaption><\/figure>\n<p style=\"font-weight: 400;\">En medio de intensas y silenciosas conversaciones, Narv\u00e1ez y Rojas intercambiaron informaci\u00f3n sobre el secuestro durante las presentaciones de la conferencia. \u201cDada la seriedad y urgencia del caso, sab\u00edamos que ten\u00edamos que trabajar r\u00e1pidamente para activar la Alerta AMBER (nacional), pero tambi\u00e9n mantuvimos cierta confidencialidad de la informaci\u00f3n\u201d, recuerda Rojas. <\/p>\n<p style=\"font-weight: 400;\">El esfuerzo por rescatar a la beb\u00e9 Angela se convirti\u00f3 r\u00e1pidamente en un estudio de caso en tiempo real que hizo que los funcionarios recurrieran a una profunda fuente de experiencia y capacitaci\u00f3n colectiva. \u201cEso nos permiti\u00f3 difundir la alerta con urgencia, animando a los medios de comunicaci\u00f3n a llegar al mayor n\u00famero de personas posible\u201d, dice Rojas. <\/p>\n<p style=\"font-weight: 400;\">Varias horas despu\u00e9s de que se emitiera la primera alerta, y a\u00fan sin rastro de la beb\u00e9 Angela, Rojas elev\u00f3 la alerta al nivel nacional, una presencia ampliada que sin duda aumentar\u00eda la conciencia p\u00fablica sobre el caso de la ni\u00f1a. Luego, una vez que se activ\u00f3 la Alerta AMBER nacional, Rojas y Narv\u00e1ez informaron a los asistentes a la conferencia sobre la situaci\u00f3n en desarrollo. <\/p>\n<p style=\"font-weight: 400;\">Afortunadamente, la sala estaba llena de expertos en ni\u00f1os desaparecidos y en peligro que colaboraron para garantizar una respuesta r\u00e1pida en el caso emergente. Entre ellos se encontraban: la administradora de AATTAP, Janell Rasmussen; Yesenia \u201cJesi\u201d Leon Baron, coordinadora de proyectos de programas internacionales y territoriales de AATTAP (incluida la Iniciativa de la Frontera Sur) y gerente de certificaci\u00f3n para las iniciativas de capacitaci\u00f3n del Equipo de Respuesta al Secuestro de Ni\u00f1os (CART); y altos funcionarios del Departamento de Estado de los Estados Unidos y de la Embajada de los Estados Unidos en Ciudad de M\u00e9xico, entre ellos Gigi Scoles, Gabriela Betance, Flor Reyes y Oswaldo Casillas. <\/p>\n<p style=\"font-weight: 400;\"><a href=\"https:\/\/amberadvocate.org\/es\/habla-amber\/rostros-de-la-red-de-alerta-amber-mexico\/\" target=\"_blank\" rel=\"noopener\"><img decoding=\"async\" class=\"alignleft wp-image-21667\" src=\"https:\/\/amberadvocate.org\/wp-content\/uploads\/2024\/01\/Display-text-1.png\" alt=\"Mostrar texto: Desde su lanzamiento en 2012, Alerta \u00c1mbar de M\u00e9xico ha permitido la recuperaci\u00f3n segura de m\u00e1s de 350 ni\u00f1os.\" width=\"126\" height=\"254\" srcset=\"https:\/\/amberadvocate.org\/wp-content\/uploads\/2024\/01\/Display-text-1.png 356w, https:\/\/amberadvocate.org\/wp-content\/uploads\/2024\/01\/Display-text-1-149x300.png 149w\" sizes=\"(max-width: 126px) 100vw, 126px\" \/><\/a>\u00abTodos ellos facilitaron nuestro trabajo, permiti\u00e9ndonos llevarlo a cabo all\u00ed mismo, en la conferencia\u00bb, afirma Rojas.<\/p>\n<p style=\"font-weight: 400;\">La respuesta de los medios de comunicaci\u00f3n y del p\u00fablico fue r\u00e1pida. Los secuestradores, probablemente conscientes de que el caso estaba recibiendo atenci\u00f3n nacional, abandonaron a Angela en el umbral de una puerta en Ciudad Ju\u00e1rez. Una mujer vio a la beb\u00e9 y llam\u00f3 r\u00e1pidamente al 911, lo que ayud\u00f3 a las autoridades a recuperarla sana y salva 30 horas despu\u00e9s de que se emitiera la primera Alerta AMBER.  <\/p>\n<p style=\"font-weight: 400;\">\u201cLos que se llevaron a la beb\u00e9 Angela definitivamente sintieron la presi\u00f3n debido a la amplia difusi\u00f3n de la Alerta AMBER\u201d, dice Rojas. \u201cSab\u00edan que mucha gente la estaba buscando\u201d. <\/p>\n<figure id=\"attachment_28844\" aria-describedby=\"caption-attachment-28844\" style=\"width: 371px\" class=\"wp-caption alignright\"><img decoding=\"async\" class=\" wp-image-21661\" src=\"https:\/\/amberadvocate.org\/wp-content\/uploads\/2024\/01\/FL-image-3.jpg\" alt=\"Las autoridades mexicanas tuvieron a la beb\u00e9 Angela en sus cuidadosas manos 30 horas despu\u00e9s de que se activara la primera Alerta Amber.  \" width=\"371\" height=\"250\" srcset=\"https:\/\/amberadvocate.org\/wp-content\/uploads\/2024\/01\/FL-image-3.jpg 1753w, https:\/\/amberadvocate.org\/wp-content\/uploads\/2024\/01\/FL-image-3-300x202.jpg 300w, https:\/\/amberadvocate.org\/wp-content\/uploads\/2024\/01\/FL-image-3-1024x689.jpg 1024w, https:\/\/amberadvocate.org\/wp-content\/uploads\/2024\/01\/FL-image-3-768x517.jpg 768w, https:\/\/amberadvocate.org\/wp-content\/uploads\/2024\/01\/FL-image-3-1536x1033.jpg 1536w, https:\/\/amberadvocate.org\/wp-content\/uploads\/2024\/01\/FL-image-3-272x182.jpg 272w\" sizes=\"(max-width: 371px) 100vw, 371px\" \/><figcaption id=\"caption-attachment-28844\" class=\"wp-caption-text\">Las autoridades mexicanas tuvieron a la beb\u00e9 Angela en sus manos 30 horas despu\u00e9s de que se activara la primera <em>Alerta Amber<\/em>. La ni\u00f1a vive ahora con sus familiares.<\/figcaption><\/figure>\n<p style=\"font-weight: 400;\">Dado que el rescate de \u00c1ngela tuvo lugar el 31 de agosto -el \u00faltimo d\u00eda de la conferencia de la OPDAT-, a Narv\u00e1ez y Rojas se les ofreci\u00f3 la oportunidad de presentar lo que acababa de ocurrir como un caso pr\u00e1ctico de \u00e9xito, \u00abresultado de la excelente coordinaci\u00f3n entre las autoridades mexicanas y la poblaci\u00f3n\u00bb, afirma Rojas.<\/p>\n<p style=\"font-weight: 400;\">\u00abCon la conferencia centrada en compartir historias de \u00e9xito de la Alerta AMBER, el caso de la beb\u00e9 Angela fue significativo. La formaci\u00f3n es el aspecto m\u00e1s importante de nuestro trabajo; por eso compartimos constantemente nuestras experiencias.\u00bb<\/p>\n<p style=\"font-weight: 400;\">Las Alertas AMBER, junto con los informes de los medios de comunicaci\u00f3n y la ayuda del p\u00fablico en la b\u00fasqueda de un ni\u00f1o desaparecido, son herramientas poderosas en el esfuerzo por recuperar a los ni\u00f1os desaparecidos en peligro, como los asistentes a la conferencia presenciaron en tiempo real. \u201cSin el apoyo de nuestros ciudadanos, nuestro trabajo ser\u00eda esencialmente in\u00fatil\u201d, dice Rojas. \u201cSimplemente ser\u00edamos espectadores de lo que sucede\u201d.  <\/p>\n<p><img decoding=\"async\" src=\"https:\/\/amberadvocate.org\/wp-content\/uploads\/2024\/01\/Display-text-2-Jesi.png\" alt=\"Mostrar texto con foto de Yesenia \"Jesi\" Le\u00f3n Bar\u00f3n, Coordinadora de Proyectos de AATTAP para Programas Internacionales y Territoriales, y Formaci\u00f3n y Certificaci\u00f3n del Equipo de Respuesta a la Sustracci\u00f3n de Menores (CART): \"Este es uno de los muchos ejemplos de la incre\u00edble importancia de los eventos regionales y de la colaboraci\u00f3n transfronteriza\".\" width=\"513\" height=\"211\"><\/p>\n","protected":false},"excerpt":{"rendered":"<p>Despu\u00e9s de que sus padres fueran asesinados, una beb\u00e9 desaparecida es encontrada a salvo gracias a los medios de comunicaci\u00f3n de M\u00e9xico, al p\u00fablico y a los Coordinadores de la Alerta AMBER, que actuaron durante una conferencia sobre la protecci\u00f3n de la infancia con l\u00edderes del DOJ de EE.UU. y de AATTAP en Monterrey.<\/p>\n","protected":false},"featured_media":21661,"template":"","magazine_tags":[],"class_list":["post-30624","articles","type-articles","status-publish","has-post-thumbnail","hentry","magazine_category-spanish-amber-alert-in-action","magazine_category-spanish-on-the-front-lines","magazine_category-spanish-home-page","issue-spanish-issue-57"],"meta_box":{"articles_subhead":"","articles_primary_category":[]},"publishpress_future_workflow_manual_trigger":{"enabledWorkflows":[]},"_links":{"self":[{"href":"https:\/\/amberadvocate.org\/es\/wp-json\/wp\/v2\/articles\/30624","targetHints":{"allow":["GET"]}}],"collection":[{"href":"https:\/\/amberadvocate.org\/es\/wp-json\/wp\/v2\/articles"}],"about":[{"href":"https:\/\/amberadvocate.org\/es\/wp-json\/wp\/v2\/types\/articles"}],"wp:featuredmedia":[{"embeddable":true,"href":"https:\/\/amberadvocate.org\/es\/wp-json\/wp\/v2\/media\/21661"}],"wp:attachment":[{"href":"https:\/\/amberadvocate.org\/es\/wp-json\/wp\/v2\/media?parent=30624"}],"wp:term":[{"taxonomy":"magazine_tags","embeddable":true,"href":"https:\/\/amberadvocate.org\/es\/wp-json\/wp\/v2\/magazine_tags?post=30624"}],"curies":[{"name":"wp","href":"https:\/\/api.w.org\/{rel}","templated":true}]}}